{"id":1278,"date":"2015-11-09T13:48:38","date_gmt":"2015-11-09T13:48:38","guid":{"rendered":"https:\/\/www.becker.w15l.t4n.io\/charterlift\/?p=1278"},"modified":"2018-02-27T14:56:08","modified_gmt":"2018-02-27T13:56:08","slug":"stadt-schwaigern-uebernimmt-neuen-france-eleveatuer-2","status":"publish","type":"post","link":"https:\/\/www.becker.w15l.t4n.io\/charterlift\/stadt-schwaigern-uebernimmt-neuen-france-eleveatuer-2\/","title":{"rendered":"Stadt Schwaigern \u00fcbernimmt neuen Hubb\u00fchne mit Hybridantrieb von CharterLift"},"content":{"rendered":"<p><!--more--><\/p>\r\n<p style=\"text-align: justify;\">Gut Lachen haben die B\u00fcgermeisterin der Stadt Schwaigern und Ihr Amtsleiter!<\/p>\r\n<p style=\"text-align: justify;\">Die Stadt Schwaigern hat sich zum Kauf einer Hubarbeitsb\u00fchne mit Hybridtechnologie entschieden. Ohne Motorger\u00e4usch und ohne Abgase wird k\u00fcnftig in Schwaigern gearbeitet.<\/p>\r\n<p style=\"text-align: justify;\">Hybridtechnik, hohe Korblast, schmale Abst\u00fctzung, einfache Bedienung und hohe seitliche Reichweite auf 3,5t Fahrgestell wurden gefordert und konnten mit dem Modell Souver\u00e4n angeboten werden.<\/p>\r\n<p>\u00a0\u00a0\u00a0\u00a0<a href=\"https:\/\/www.becker.w15l.t4n.io\/charterlift\/wp-content\/uploads\/schwaigern-1.jpg\">\u00a0\u00a0\u00a0<\/a><a href=\"https:\/\/www.becker.w15l.t4n.io\/charterlift\/wp-content\/uploads\/mateco1.jpg\"><img loading=\"lazy\" class=\"alignnone  wp-image-1193\" src=\"https:\/\/www.becker.w15l.t4n.io\/charterlift\/wp-content\/uploads\/mateco1-300x225.jpg\" alt=\"mateco\" width=\"460\" height=\"345\" srcset=\"https:\/\/www.becker.w15l.t4n.io\/charterlift\/wp-content\/uploads\/mateco1-300x225.jpg 300w, https:\/\/www.becker.w15l.t4n.io\/charterlift\/wp-content\/uploads\/mateco1-400x300.jpg 400w, https:\/\/www.becker.w15l.t4n.io\/charterlift\/wp-content\/uploads\/mateco1-1024x768.jpg 1024w\" sizes=\"(max-width: 460px) 100vw, 460px\" \/><\/a><a href=\"https:\/\/www.becker.w15l.t4n.io\/charterlift\/wp-content\/uploads\/schwaigern-1.jpg\">\u00a0\u00a0 \u00a0\u00a0<\/a><a href=\"https:\/\/www.becker.w15l.t4n.io\/charterlift\/wp-content\/uploads\/schwaigern.jpg\"><img loading=\"lazy\" class=\"alignnone  wp-image-1192\" src=\"https:\/\/www.becker.w15l.t4n.io\/charterlift\/wp-content\/uploads\/schwaigern-225x300.jpg\" alt=\"schwaigern\" width=\"256\" height=\"342\" srcset=\"https:\/\/www.becker.w15l.t4n.io\/charterlift\/wp-content\/uploads\/schwaigern-225x300.jpg 225w, https:\/\/www.becker.w15l.t4n.io\/charterlift\/wp-content\/uploads\/schwaigern-768x1024.jpg 768w, https:\/\/www.becker.w15l.t4n.io\/charterlift\/wp-content\/uploads\/schwaigern.jpg 1344w\" sizes=\"(max-width: 256px) 100vw, 256px\" \/><\/a><\/p>","protected":false},"excerpt":{"rendered":"","protected":false},"author":2,"featured_media":1192,"comment_status":"closed","ping_status":"closed","sticky":false,"template":"","format":"standard","meta":[],"categories":[36],"tags":[],"yoast_head":"<!-- This site is optimized with the Yoast SEO plugin v19.6.1 - https:\/\/yoast.com\/wordpress\/plugins\/seo\/ -->\n<title>Stadt Schwaigern \u00fcbernimmt neuen Hubb\u00fchne mit Hybridantrieb von CharterLift - Charter Lift<\/title>\n<meta name=\"robots\" content=\"index, follow, max-snippet:-1, max-image-preview:large, max-video-preview:-1\" \/>\n<link rel=\"canonical\" href=\"https:\/\/www.becker.w15l.t4n.io\/charterlift\/stadt-schwaigern-uebernimmt-neuen-france-eleveatuer-2\/\" \/>\n<meta property=\"og:locale\" content=\"de_DE\" \/>\n<meta property=\"og:type\" content=\"article\" \/>\n<meta property=\"og:title\" content=\"Stadt Schwaigern \u00fcbernimmt neuen Hubb\u00fchne mit Hybridantrieb von CharterLift - Charter Lift\" \/>\n<meta property=\"og:url\" content=\"https:\/\/www.becker.w15l.t4n.io\/charterlift\/stadt-schwaigern-uebernimmt-neuen-france-eleveatuer-2\/\" \/>\n<meta property=\"og:site_name\" content=\"Charter Lift\" \/>\n<meta property=\"article:published_time\" content=\"2015-11-09T13:48:38+00:00\" \/>\n<meta property=\"article:modified_time\" content=\"2018-02-27T13:56:08+00:00\" \/>\n<meta property=\"og:image\" content=\"https:\/\/www.becker.w15l.t4n.io\/charterlift\/wp-content\/uploads\/schwaigern.jpg\" \/>\n\t<meta property=\"og:image:width\" content=\"1344\" \/>\n\t<meta property=\"og:image:height\" content=\"1792\" \/>\n\t<meta property=\"og:image:type\" content=\"image\/jpeg\" \/>\n<meta name=\"author\" content=\"charterlift\" \/>\n<meta name=\"twitter:card\" content=\"summary_large_image\" \/>\n<meta name=\"twitter:label1\" content=\"Verfasst von\" \/>\n\t<meta name=\"twitter:data1\" content=\"charterlift\" \/>\n<script type=\"application\/ld+json\" class=\"yoast-schema-graph\">{\"@context\":\"https:\/\/schema.org\",\"@graph\":[{\"@type\":\"Article\",\"@id\":\"https:\/\/www.becker.w15l.t4n.io\/charterlift\/stadt-schwaigern-uebernimmt-neuen-france-eleveatuer-2\/#article\",\"isPartOf\":{\"@id\":\"https:\/\/www.becker.w15l.t4n.io\/charterlift\/stadt-schwaigern-uebernimmt-neuen-france-eleveatuer-2\/\"},\"author\":{\"name\":\"charterlift\",\"@id\":\"https:\/\/www.becker.w15l.t4n.io\/charterlift\/#\/schema\/person\/688cb6bafa9708bbff86f1d746b6ca13\"},\"headline\":\"Stadt Schwaigern \u00fcbernimmt neuen Hubb\u00fchne mit Hybridantrieb von CharterLift\",\"datePublished\":\"2015-11-09T13:48:38+00:00\",\"dateModified\":\"2018-02-27T13:56:08+00:00\",\"mainEntityOfPage\":{\"@id\":\"https:\/\/www.becker.w15l.t4n.io\/charterlift\/stadt-schwaigern-uebernimmt-neuen-france-eleveatuer-2\/\"},\"wordCount\":73,\"publisher\":{\"@id\":\"https:\/\/www.becker.w15l.t4n.io\/charterlift\/#organization\"},\"articleSection\":[\"News\"],\"inLanguage\":\"de\"},{\"@type\":\"WebPage\",\"@id\":\"https:\/\/www.becker.w15l.t4n.io\/charterlift\/stadt-schwaigern-uebernimmt-neuen-france-eleveatuer-2\/\",\"url\":\"https:\/\/www.becker.w15l.t4n.io\/charterlift\/stadt-schwaigern-uebernimmt-neuen-france-eleveatuer-2\/\",\"name\":\"Stadt Schwaigern \u00fcbernimmt neuen Hubb\u00fchne mit Hybridantrieb von CharterLift - Charter Lift\",\"isPartOf\":{\"@id\":\"https:\/\/www.becker.w15l.t4n.io\/charterlift\/#website\"},\"datePublished\":\"2015-11-09T13:48:38+00:00\",\"dateModified\":\"2018-02-27T13:56:08+00:00\",\"breadcrumb\":{\"@id\":\"https:\/\/www.becker.w15l.t4n.io\/charterlift\/stadt-schwaigern-uebernimmt-neuen-france-eleveatuer-2\/#breadcrumb\"},\"inLanguage\":\"de\",\"potentialAction\":[{\"@type\":\"ReadAction\",\"target\":[\"https:\/\/www.becker.w15l.t4n.io\/charterlift\/stadt-schwaigern-uebernimmt-neuen-france-eleveatuer-2\/\"]}]},{\"@type\":\"BreadcrumbList\",\"@id\":\"https:\/\/www.becker.w15l.t4n.io\/charterlift\/stadt-schwaigern-uebernimmt-neuen-france-eleveatuer-2\/#breadcrumb\",\"itemListElement\":[{\"@type\":\"ListItem\",\"position\":1,\"name\":\"Startseite\",\"item\":\"https:\/\/www.becker.w15l.t4n.io\/charterlift\/\"},{\"@type\":\"ListItem\",\"position\":2,\"name\":\"Stadt Schwaigern \u00fcbernimmt neuen Hubb\u00fchne mit Hybridantrieb von CharterLift\"}]},{\"@type\":\"WebSite\",\"@id\":\"https:\/\/www.becker.w15l.t4n.io\/charterlift\/#website\",\"url\":\"https:\/\/www.becker.w15l.t4n.io\/charterlift\/\",\"name\":\"Charter Lift\",\"description\":\"Systemdienstleister f\u00fcr modernste, mobile Zugangs- und Hebetechnik\",\"publisher\":{\"@id\":\"https:\/\/www.becker.w15l.t4n.io\/charterlift\/#organization\"},\"potentialAction\":[{\"@type\":\"SearchAction\",\"target\":{\"@type\":\"EntryPoint\",\"urlTemplate\":\"https:\/\/www.becker.w15l.t4n.io\/charterlift\/?s={search_term_string}\"},\"query-input\":\"required name=search_term_string\"}],\"inLanguage\":\"de\"},{\"@type\":\"Organization\",\"@id\":\"https:\/\/www.becker.w15l.t4n.io\/charterlift\/#organization\",\"name\":\"CharterLift\",\"url\":\"https:\/\/www.becker.w15l.t4n.io\/charterlift\/\",\"sameAs\":[],\"logo\":{\"@type\":\"ImageObject\",\"inLanguage\":\"de\",\"@id\":\"https:\/\/www.becker.w15l.t4n.io\/charterlift\/#\/schema\/logo\/image\/\",\"url\":\"https:\/\/www.becker.w15l.t4n.io\/charterlift\/wp-content\/uploads\/charterlift-logo.png\",\"contentUrl\":\"https:\/\/www.becker.w15l.t4n.io\/charterlift\/wp-content\/uploads\/charterlift-logo.png\",\"width\":200,\"height\":131,\"caption\":\"CharterLift\"},\"image\":{\"@id\":\"https:\/\/www.becker.w15l.t4n.io\/charterlift\/#\/schema\/logo\/image\/\"}},{\"@type\":\"Person\",\"@id\":\"https:\/\/www.becker.w15l.t4n.io\/charterlift\/#\/schema\/person\/688cb6bafa9708bbff86f1d746b6ca13\",\"name\":\"charterlift\"}]}<\/script>\n<!-- \/ Yoast SEO plugin. -->","yoast_head_json":{"title":"Stadt Schwaigern \u00fcbernimmt neuen Hubb\u00fchne mit Hybridantrieb von CharterLift - Charter Lift","robots":{"index":"index","follow":"follow","max-snippet":"max-snippet:-1","max-image-preview":"max-image-preview:large","max-video-preview":"max-video-preview:-1"},"canonical":"https:\/\/www.becker.w15l.t4n.io\/charterlift\/stadt-schwaigern-uebernimmt-neuen-france-eleveatuer-2\/","og_locale":"de_DE","og_type":"article","og_title":"Stadt Schwaigern \u00fcbernimmt neuen Hubb\u00fchne mit Hybridantrieb von CharterLift - Charter Lift","og_url":"https:\/\/www.becker.w15l.t4n.io\/charterlift\/stadt-schwaigern-uebernimmt-neuen-france-eleveatuer-2\/","og_site_name":"Charter Lift","article_published_time":"2015-11-09T13:48:38+00:00","article_modified_time":"2018-02-27T13:56:08+00:00","og_image":[{"width":1344,"height":1792,"url":"https:\/\/www.becker.w15l.t4n.io\/charterlift\/wp-content\/uploads\/schwaigern.jpg","type":"image\/jpeg"}],"author":"charterlift","twitter_card":"summary_large_image","twitter_misc":{"Verfasst von":"charterlift"},"schema":{"@context":"https:\/\/schema.org","@graph":[{"@type":"Article","@id":"https:\/\/www.becker.w15l.t4n.io\/charterlift\/stadt-schwaigern-uebernimmt-neuen-france-eleveatuer-2\/#article","isPartOf":{"@id":"https:\/\/www.becker.w15l.t4n.io\/charterlift\/stadt-schwaigern-uebernimmt-neuen-france-eleveatuer-2\/"},"author":{"name":"charterlift","@id":"https:\/\/www.becker.w15l.t4n.io\/charterlift\/#\/schema\/person\/688cb6bafa9708bbff86f1d746b6ca13"},"headline":"Stadt Schwaigern \u00fcbernimmt neuen Hubb\u00fchne mit Hybridantrieb von CharterLift","datePublished":"2015-11-09T13:48:38+00:00","dateModified":"2018-02-27T13:56:08+00:00","mainEntityOfPage":{"@id":"https:\/\/www.becker.w15l.t4n.io\/charterlift\/stadt-schwaigern-uebernimmt-neuen-france-eleveatuer-2\/"},"wordCount":73,"publisher":{"@id":"https:\/\/www.becker.w15l.t4n.io\/charterlift\/#organization"},"articleSection":["News"],"inLanguage":"de"},{"@type":"WebPage","@id":"https:\/\/www.becker.w15l.t4n.io\/charterlift\/stadt-schwaigern-uebernimmt-neuen-france-eleveatuer-2\/","url":"https:\/\/www.becker.w15l.t4n.io\/charterlift\/stadt-schwaigern-uebernimmt-neuen-france-eleveatuer-2\/","name":"Stadt Schwaigern \u00fcbernimmt neuen Hubb\u00fchne mit Hybridantrieb von CharterLift - Charter Lift","isPartOf":{"@id":"https:\/\/www.becker.w15l.t4n.io\/charterlift\/#website"},"datePublished":"2015-11-09T13:48:38+00:00","dateModified":"2018-02-27T13:56:08+00:00","breadcrumb":{"@id":"https:\/\/www.becker.w15l.t4n.io\/charterlift\/stadt-schwaigern-uebernimmt-neuen-france-eleveatuer-2\/#breadcrumb"},"inLanguage":"de","potentialAction":[{"@type":"ReadAction","target":["https:\/\/www.becker.w15l.t4n.io\/charterlift\/stadt-schwaigern-uebernimmt-neuen-france-eleveatuer-2\/"]}]},{"@type":"BreadcrumbList","@id":"https:\/\/www.becker.w15l.t4n.io\/charterlift\/stadt-schwaigern-uebernimmt-neuen-france-eleveatuer-2\/#breadcrumb","itemListElement":[{"@type":"ListItem","position":1,"name":"Startseite","item":"https:\/\/www.becker.w15l.t4n.io\/charterlift\/"},{"@type":"ListItem","position":2,"name":"Stadt Schwaigern \u00fcbernimmt neuen Hubb\u00fchne mit Hybridantrieb von CharterLift"}]},{"@type":"WebSite","@id":"https:\/\/www.becker.w15l.t4n.io\/charterlift\/#website","url":"https:\/\/www.becker.w15l.t4n.io\/charterlift\/","name":"Charter Lift","description":"Systemdienstleister f\u00fcr modernste, mobile Zugangs- und Hebetechnik","publisher":{"@id":"https:\/\/www.becker.w15l.t4n.io\/charterlift\/#organization"},"potentialAction":[{"@type":"SearchAction","target":{"@type":"EntryPoint","urlTemplate":"https:\/\/www.becker.w15l.t4n.io\/charterlift\/?s={search_term_string}"},"query-input":"required name=search_term_string"}],"inLanguage":"de"},{"@type":"Organization","@id":"https:\/\/www.becker.w15l.t4n.io\/charterlift\/#organization","name":"CharterLift","url":"https:\/\/www.becker.w15l.t4n.io\/charterlift\/","sameAs":[],"logo":{"@type":"ImageObject","inLanguage":"de","@id":"https:\/\/www.becker.w15l.t4n.io\/charterlift\/#\/schema\/logo\/image\/","url":"https:\/\/www.becker.w15l.t4n.io\/charterlift\/wp-content\/uploads\/charterlift-logo.png","contentUrl":"https:\/\/www.becker.w15l.t4n.io\/charterlift\/wp-content\/uploads\/charterlift-logo.png","width":200,"height":131,"caption":"CharterLift"},"image":{"@id":"https:\/\/www.becker.w15l.t4n.io\/charterlift\/#\/schema\/logo\/image\/"}},{"@type":"Person","@id":"https:\/\/www.becker.w15l.t4n.io\/charterlift\/#\/schema\/person\/688cb6bafa9708bbff86f1d746b6ca13","name":"charterlift"}]}},"_links":{"self":[{"href":"https:\/\/www.becker.w15l.t4n.io\/charterlift\/wp-json\/wp\/v2\/posts\/1278"}],"collection":[{"href":"https:\/\/www.becker.w15l.t4n.io\/charterlift\/wp-json\/wp\/v2\/posts"}],"about":[{"href":"https:\/\/www.becker.w15l.t4n.io\/charterlift\/wp-json\/wp\/v2\/types\/post"}],"author":[{"embeddable":true,"href":"https:\/\/www.becker.w15l.t4n.io\/charterlift\/wp-json\/wp\/v2\/users\/2"}],"replies":[{"embeddable":true,"href":"https:\/\/www.becker.w15l.t4n.io\/charterlift\/wp-json\/wp\/v2\/comments?post=1278"}],"version-history":[{"count":0,"href":"https:\/\/www.becker.w15l.t4n.io\/charterlift\/wp-json\/wp\/v2\/posts\/1278\/revisions"}],"wp:featuredmedia":[{"embeddable":true,"href":"https:\/\/www.becker.w15l.t4n.io\/charterlift\/wp-json\/wp\/v2\/media\/1192"}],"wp:attachment":[{"href":"https:\/\/www.becker.w15l.t4n.io\/charterlift\/wp-json\/wp\/v2\/media?parent=1278"}],"wp:term":[{"taxonomy":"category","embeddable":true,"href":"https:\/\/www.becker.w15l.t4n.io\/charterlift\/wp-json\/wp\/v2\/categories?post=1278"},{"taxonomy":"post_tag","embeddable":true,"href":"https:\/\/www.becker.w15l.t4n.io\/charterlift\/wp-json\/wp\/v2\/tags?post=1278"}],"curies":[{"name":"wp","href":"https:\/\/api.w.org\/{rel}","templated":true}]}}