{"id":1658,"date":"2017-02-27T09:37:10","date_gmt":"2017-02-27T09:37:10","guid":{"rendered":"https:\/\/www.becker.w15l.t4n.io\/charterlift\/?p=1658"},"modified":"2018-02-27T17:50:11","modified_gmt":"2018-02-27T16:50:11","slug":"frueher-an-morgen-denken-becker-investiert-massiv-in-zero-emmison-technologie","status":"publish","type":"post","link":"https:\/\/www.becker.w15l.t4n.io\/charterlift\/frueher-an-morgen-denken-becker-investiert-massiv-in-zero-emmison-technologie\/","title":{"rendered":"Fr\u00fcher an morgen denken \u2013 Becker investiert massiv in Zero Emmison Technologie"},"content":{"rendered":"<p style=\"text-align: justify;\"><span lang=\"DE-CH\">Die Paul Becker GmbH aus\u00a0Denzlingen, mit 10 Niederlassungen und einer ca. 1.600 Einheiten starken Mietflotte\u00a0\u00a0ist das bundesweit erste Vermietunternehmen in Deutschland, das sich der Umweltproblematik vieler Innenst\u00e4dte und Menschen\u00a0annimmt und\u00a0eine v\u00f6llig CO\u00b2 und L\u00e4rm frei Lkw-Hubb\u00fchne\u00a0zur Miete anbietet.\u00a0Folgerichtig wurden bei <em><strong>CharterLift<\/strong> <\/em>in einem ersten Schritt \u00fcber 10 St\u00fcck ZERO Emission Ger\u00e4te\u00a0bestellt. Das es die richtige Entscheidung war zeigte sich ehr schnell &#8211; \u00a0ersten Mietauftr\u00e4ge von Kommunen und Handwerkern aus den betroffenen Ballungsgebieten liegen bereits vor.\u00a0<\/span><\/p>\r\n<p><em><strong>Firmentrailer<\/strong> <\/em>Becker:<\/p>\r\n<p style=\"text-align: center;\"><div class=\"BorlabsCookie _brlbs-cb-youtube\"><div class=\"_brlbs-content-blocker\"> <div class=\"_brlbs-embed _brlbs-video-youtube\"> <img class=\"_brlbs-thumbnail\" src=\"https:\/\/www.becker.w15l.t4n.io\/charterlift\/wp-content\/plugins\/borlabs-cookie\/assets\/images\/cb-no-thumbnail.png\" alt=\"YouTube\"> <div class=\"_brlbs-caption\"> <p>Mit dem Laden des Videos akzeptieren Sie die Datenschutzerkl\u00e4rung von YouTube.<br><a href=\"https:\/\/policies.google.com\/privacy\" target=\"_blank\" rel=\"nofollow noopener noreferrer\">Mehr erfahren<\/a><\/p> <p><a class=\"_brlbs-btn _brlbs-icon-play-white\" href=\"#\" data-borlabs-cookie-unblock role=\"button\">Video laden<\/a><\/p> <p><label><input type=\"checkbox\" name=\"unblockAll\" value=\"1\" checked> <small>YouTube immer entsperren<\/small><\/label><\/p> <\/div> <\/div> <\/div><div class=\"borlabs-hide\" data-borlabs-cookie-type=\"content-blocker\" data-borlabs-cookie-id=\"youtube\"><script type=\"text\/template\">PGlmcmFtZSBsb2FkaW5nPSJsYXp5IiBzcmM9Ii8vd3d3LnlvdXR1YmUtbm9jb29raWUuY29tL2VtYmVkL216U1FENE5vbmlVIiB3aWR0aD0iNTYwIiBoZWlnaHQ9IjMxNCIgYWxsb3dmdWxsc2NyZWVuPSJhbGxvd2Z1bGxzY3JlZW4iPjwvaWZyYW1lPg==<\/script><\/div><\/div>\u00a0\u00a0\u00a0\u00a0\u00a0\u00a0\u00a0\u00a0<\/p>\r\n<p style=\"text-align: justify;\"><span lang=\"DE-CH\">Harald Becker und seine Tochter Vanessa Binz sind \u00fcberzeugt, dass k\u00fcnftig viele Kommunen das Arbeiten und Befahren der Innenst\u00e4dte, Wohngebiete und st\u00e4dtischen Anlagen mit mobilen Arbeitsmaschinen nur noch unter gro\u00dfen Auflagen hinsichtlich Schadstoffaussto\u00df und L\u00e4rm genehmigen werden.\u00a0<\/span><\/p>","protected":false},"excerpt":{"rendered":"<p>Die Paul Becker GmbH aus\u00a0Denzlingen, mit 10 Niederlassungen und einer ca. 1.600 Einheiten starken Mietflotte\u00a0\u00a0ist das bundesweit erste Vermietunternehmen in Deutschland, das sich der Umweltproblematik vieler Innenst\u00e4dte und Menschen\u00a0annimmt und\u00a0eine v\u00f6llig CO\u00b2 und L\u00e4rm frei Lkw-Hubb\u00fchne\u00a0zur Miete anbietet.\u00a0Folgerichtig wurden bei CharterLift in einem ersten Schritt \u00fcber 10 St\u00fcck ZERO Emission Ger\u00e4te\u00a0bestellt. Das es die richtige [&hellip;]<\/p>\n","protected":false},"author":2,"featured_media":2002,"comment_status":"closed","ping_status":"closed","sticky":false,"template":"","format":"standard","meta":[],"categories":[36],"tags":[],"yoast_head":"<!-- This site is optimized with the Yoast SEO plugin v19.6.1 - https:\/\/yoast.com\/wordpress\/plugins\/seo\/ -->\n<title>Fr\u00fcher an morgen denken \u2013 Becker investiert massiv in Zero Emmison Technologie - Charter Lift<\/title>\n<meta name=\"robots\" content=\"index, follow, max-snippet:-1, max-image-preview:large, max-video-preview:-1\" \/>\n<link rel=\"canonical\" href=\"https:\/\/www.becker.w15l.t4n.io\/charterlift\/frueher-an-morgen-denken-becker-investiert-massiv-in-zero-emmison-technologie\/\" \/>\n<meta property=\"og:locale\" content=\"de_DE\" \/>\n<meta property=\"og:type\" content=\"article\" \/>\n<meta property=\"og:title\" content=\"Fr\u00fcher an morgen denken \u2013 Becker investiert massiv in Zero Emmison Technologie - Charter Lift\" \/>\n<meta property=\"og:description\" content=\"Die Paul Becker GmbH aus\u00a0Denzlingen, mit 10 Niederlassungen und einer ca. 1.600 Einheiten starken Mietflotte\u00a0\u00a0ist das bundesweit erste Vermietunternehmen in Deutschland, das sich der Umweltproblematik vieler Innenst\u00e4dte und Menschen\u00a0annimmt und\u00a0eine v\u00f6llig CO\u00b2 und L\u00e4rm frei Lkw-Hubb\u00fchne\u00a0zur Miete anbietet.\u00a0Folgerichtig wurden bei CharterLift in einem ersten Schritt \u00fcber 10 St\u00fcck ZERO Emission Ger\u00e4te\u00a0bestellt. Das es die richtige [&hellip;]\" \/>\n<meta property=\"og:url\" content=\"https:\/\/www.becker.w15l.t4n.io\/charterlift\/frueher-an-morgen-denken-becker-investiert-massiv-in-zero-emmison-technologie\/\" \/>\n<meta property=\"og:site_name\" content=\"Charter Lift\" \/>\n<meta property=\"article:published_time\" content=\"2017-02-27T09:37:10+00:00\" \/>\n<meta property=\"article:modified_time\" content=\"2018-02-27T16:50:11+00:00\" \/>\n<meta property=\"og:image\" content=\"https:\/\/www.becker.w15l.t4n.io\/charterlift\/wp-content\/uploads\/2017\/02\/becker-green.png\" \/>\n\t<meta property=\"og:image:width\" content=\"805\" \/>\n\t<meta property=\"og:image:height\" content=\"579\" \/>\n\t<meta property=\"og:image:type\" content=\"image\/png\" \/>\n<meta name=\"author\" content=\"charterlift\" \/>\n<meta name=\"twitter:card\" content=\"summary_large_image\" \/>\n<meta name=\"twitter:label1\" content=\"Verfasst von\" \/>\n\t<meta name=\"twitter:data1\" content=\"charterlift\" \/>\n\t<meta name=\"twitter:label2\" content=\"Gesch\u00e4tzte Lesezeit\" \/>\n\t<meta name=\"twitter:data2\" content=\"1\u00a0Minute\" \/>\n<script type=\"application\/ld+json\" class=\"yoast-schema-graph\">{\"@context\":\"https:\/\/schema.org\",\"@graph\":[{\"@type\":\"Article\",\"@id\":\"https:\/\/www.becker.w15l.t4n.io\/charterlift\/frueher-an-morgen-denken-becker-investiert-massiv-in-zero-emmison-technologie\/#article\",\"isPartOf\":{\"@id\":\"https:\/\/www.becker.w15l.t4n.io\/charterlift\/frueher-an-morgen-denken-becker-investiert-massiv-in-zero-emmison-technologie\/\"},\"author\":{\"name\":\"charterlift\",\"@id\":\"https:\/\/www.becker.w15l.t4n.io\/charterlift\/#\/schema\/person\/688cb6bafa9708bbff86f1d746b6ca13\"},\"headline\":\"Fr\u00fcher an morgen denken \u2013 Becker investiert massiv in Zero Emmison Technologie\",\"datePublished\":\"2017-02-27T09:37:10+00:00\",\"dateModified\":\"2018-02-27T16:50:11+00:00\",\"mainEntityOfPage\":{\"@id\":\"https:\/\/www.becker.w15l.t4n.io\/charterlift\/frueher-an-morgen-denken-becker-investiert-massiv-in-zero-emmison-technologie\/\"},\"wordCount\":142,\"publisher\":{\"@id\":\"https:\/\/www.becker.w15l.t4n.io\/charterlift\/#organization\"},\"articleSection\":[\"News\"],\"inLanguage\":\"de\"},{\"@type\":\"WebPage\",\"@id\":\"https:\/\/www.becker.w15l.t4n.io\/charterlift\/frueher-an-morgen-denken-becker-investiert-massiv-in-zero-emmison-technologie\/\",\"url\":\"https:\/\/www.becker.w15l.t4n.io\/charterlift\/frueher-an-morgen-denken-becker-investiert-massiv-in-zero-emmison-technologie\/\",\"name\":\"Fr\u00fcher an morgen denken \u2013 Becker investiert massiv in Zero Emmison Technologie - Charter Lift\",\"isPartOf\":{\"@id\":\"https:\/\/www.becker.w15l.t4n.io\/charterlift\/#website\"},\"datePublished\":\"2017-02-27T09:37:10+00:00\",\"dateModified\":\"2018-02-27T16:50:11+00:00\",\"breadcrumb\":{\"@id\":\"https:\/\/www.becker.w15l.t4n.io\/charterlift\/frueher-an-morgen-denken-becker-investiert-massiv-in-zero-emmison-technologie\/#breadcrumb\"},\"inLanguage\":\"de\",\"potentialAction\":[{\"@type\":\"ReadAction\",\"target\":[\"https:\/\/www.becker.w15l.t4n.io\/charterlift\/frueher-an-morgen-denken-becker-investiert-massiv-in-zero-emmison-technologie\/\"]}]},{\"@type\":\"BreadcrumbList\",\"@id\":\"https:\/\/www.becker.w15l.t4n.io\/charterlift\/frueher-an-morgen-denken-becker-investiert-massiv-in-zero-emmison-technologie\/#breadcrumb\",\"itemListElement\":[{\"@type\":\"ListItem\",\"position\":1,\"name\":\"Startseite\",\"item\":\"https:\/\/www.becker.w15l.t4n.io\/charterlift\/\"},{\"@type\":\"ListItem\",\"position\":2,\"name\":\"Fr\u00fcher an morgen denken \u2013 Becker investiert massiv in Zero Emmison Technologie\"}]},{\"@type\":\"WebSite\",\"@id\":\"https:\/\/www.becker.w15l.t4n.io\/charterlift\/#website\",\"url\":\"https:\/\/www.becker.w15l.t4n.io\/charterlift\/\",\"name\":\"Charter Lift\",\"description\":\"Systemdienstleister f\u00fcr modernste, mobile Zugangs- und Hebetechnik\",\"publisher\":{\"@id\":\"https:\/\/www.becker.w15l.t4n.io\/charterlift\/#organization\"},\"potentialAction\":[{\"@type\":\"SearchAction\",\"target\":{\"@type\":\"EntryPoint\",\"urlTemplate\":\"https:\/\/www.becker.w15l.t4n.io\/charterlift\/?s={search_term_string}\"},\"query-input\":\"required name=search_term_string\"}],\"inLanguage\":\"de\"},{\"@type\":\"Organization\",\"@id\":\"https:\/\/www.becker.w15l.t4n.io\/charterlift\/#organization\",\"name\":\"CharterLift\",\"url\":\"https:\/\/www.becker.w15l.t4n.io\/charterlift\/\",\"sameAs\":[],\"logo\":{\"@type\":\"ImageObject\",\"inLanguage\":\"de\",\"@id\":\"https:\/\/www.becker.w15l.t4n.io\/charterlift\/#\/schema\/logo\/image\/\",\"url\":\"https:\/\/www.becker.w15l.t4n.io\/charterlift\/wp-content\/uploads\/charterlift-logo.png\",\"contentUrl\":\"https:\/\/www.becker.w15l.t4n.io\/charterlift\/wp-content\/uploads\/charterlift-logo.png\",\"width\":200,\"height\":131,\"caption\":\"CharterLift\"},\"image\":{\"@id\":\"https:\/\/www.becker.w15l.t4n.io\/charterlift\/#\/schema\/logo\/image\/\"}},{\"@type\":\"Person\",\"@id\":\"https:\/\/www.becker.w15l.t4n.io\/charterlift\/#\/schema\/person\/688cb6bafa9708bbff86f1d746b6ca13\",\"name\":\"charterlift\"}]}<\/script>\n<!-- \/ Yoast SEO plugin. -->","yoast_head_json":{"title":"Fr\u00fcher an morgen denken \u2013 Becker investiert massiv in Zero Emmison Technologie - Charter Lift","robots":{"index":"index","follow":"follow","max-snippet":"max-snippet:-1","max-image-preview":"max-image-preview:large","max-video-preview":"max-video-preview:-1"},"canonical":"https:\/\/www.becker.w15l.t4n.io\/charterlift\/frueher-an-morgen-denken-becker-investiert-massiv-in-zero-emmison-technologie\/","og_locale":"de_DE","og_type":"article","og_title":"Fr\u00fcher an morgen denken \u2013 Becker investiert massiv in Zero Emmison Technologie - Charter Lift","og_description":"Die Paul Becker GmbH aus\u00a0Denzlingen, mit 10 Niederlassungen und einer ca. 1.600 Einheiten starken Mietflotte\u00a0\u00a0ist das bundesweit erste Vermietunternehmen in Deutschland, das sich der Umweltproblematik vieler Innenst\u00e4dte und Menschen\u00a0annimmt und\u00a0eine v\u00f6llig CO\u00b2 und L\u00e4rm frei Lkw-Hubb\u00fchne\u00a0zur Miete anbietet.\u00a0Folgerichtig wurden bei CharterLift in einem ersten Schritt \u00fcber 10 St\u00fcck ZERO Emission Ger\u00e4te\u00a0bestellt. Das es die richtige [&hellip;]","og_url":"https:\/\/www.becker.w15l.t4n.io\/charterlift\/frueher-an-morgen-denken-becker-investiert-massiv-in-zero-emmison-technologie\/","og_site_name":"Charter Lift","article_published_time":"2017-02-27T09:37:10+00:00","article_modified_time":"2018-02-27T16:50:11+00:00","og_image":[{"width":805,"height":579,"url":"https:\/\/www.becker.w15l.t4n.io\/charterlift\/wp-content\/uploads\/2017\/02\/becker-green.png","type":"image\/png"}],"author":"charterlift","twitter_card":"summary_large_image","twitter_misc":{"Verfasst von":"charterlift","Gesch\u00e4tzte Lesezeit":"1\u00a0Minute"},"schema":{"@context":"https:\/\/schema.org","@graph":[{"@type":"Article","@id":"https:\/\/www.becker.w15l.t4n.io\/charterlift\/frueher-an-morgen-denken-becker-investiert-massiv-in-zero-emmison-technologie\/#article","isPartOf":{"@id":"https:\/\/www.becker.w15l.t4n.io\/charterlift\/frueher-an-morgen-denken-becker-investiert-massiv-in-zero-emmison-technologie\/"},"author":{"name":"charterlift","@id":"https:\/\/www.becker.w15l.t4n.io\/charterlift\/#\/schema\/person\/688cb6bafa9708bbff86f1d746b6ca13"},"headline":"Fr\u00fcher an morgen denken \u2013 Becker investiert massiv in Zero Emmison Technologie","datePublished":"2017-02-27T09:37:10+00:00","dateModified":"2018-02-27T16:50:11+00:00","mainEntityOfPage":{"@id":"https:\/\/www.becker.w15l.t4n.io\/charterlift\/frueher-an-morgen-denken-becker-investiert-massiv-in-zero-emmison-technologie\/"},"wordCount":142,"publisher":{"@id":"https:\/\/www.becker.w15l.t4n.io\/charterlift\/#organization"},"articleSection":["News"],"inLanguage":"de"},{"@type":"WebPage","@id":"https:\/\/www.becker.w15l.t4n.io\/charterlift\/frueher-an-morgen-denken-becker-investiert-massiv-in-zero-emmison-technologie\/","url":"https:\/\/www.becker.w15l.t4n.io\/charterlift\/frueher-an-morgen-denken-becker-investiert-massiv-in-zero-emmison-technologie\/","name":"Fr\u00fcher an morgen denken \u2013 Becker investiert massiv in Zero Emmison Technologie - Charter Lift","isPartOf":{"@id":"https:\/\/www.becker.w15l.t4n.io\/charterlift\/#website"},"datePublished":"2017-02-27T09:37:10+00:00","dateModified":"2018-02-27T16:50:11+00:00","breadcrumb":{"@id":"https:\/\/www.becker.w15l.t4n.io\/charterlift\/frueher-an-morgen-denken-becker-investiert-massiv-in-zero-emmison-technologie\/#breadcrumb"},"inLanguage":"de","potentialAction":[{"@type":"ReadAction","target":["https:\/\/www.becker.w15l.t4n.io\/charterlift\/frueher-an-morgen-denken-becker-investiert-massiv-in-zero-emmison-technologie\/"]}]},{"@type":"BreadcrumbList","@id":"https:\/\/www.becker.w15l.t4n.io\/charterlift\/frueher-an-morgen-denken-becker-investiert-massiv-in-zero-emmison-technologie\/#breadcrumb","itemListElement":[{"@type":"ListItem","position":1,"name":"Startseite","item":"https:\/\/www.becker.w15l.t4n.io\/charterlift\/"},{"@type":"ListItem","position":2,"name":"Fr\u00fcher an morgen denken \u2013 Becker investiert massiv in Zero Emmison Technologie"}]},{"@type":"WebSite","@id":"https:\/\/www.becker.w15l.t4n.io\/charterlift\/#website","url":"https:\/\/www.becker.w15l.t4n.io\/charterlift\/","name":"Charter Lift","description":"Systemdienstleister f\u00fcr modernste, mobile Zugangs- und Hebetechnik","publisher":{"@id":"https:\/\/www.becker.w15l.t4n.io\/charterlift\/#organization"},"potentialAction":[{"@type":"SearchAction","target":{"@type":"EntryPoint","urlTemplate":"https:\/\/www.becker.w15l.t4n.io\/charterlift\/?s={search_term_string}"},"query-input":"required name=search_term_string"}],"inLanguage":"de"},{"@type":"Organization","@id":"https:\/\/www.becker.w15l.t4n.io\/charterlift\/#organization","name":"CharterLift","url":"https:\/\/www.becker.w15l.t4n.io\/charterlift\/","sameAs":[],"logo":{"@type":"ImageObject","inLanguage":"de","@id":"https:\/\/www.becker.w15l.t4n.io\/charterlift\/#\/schema\/logo\/image\/","url":"https:\/\/www.becker.w15l.t4n.io\/charterlift\/wp-content\/uploads\/charterlift-logo.png","contentUrl":"https:\/\/www.becker.w15l.t4n.io\/charterlift\/wp-content\/uploads\/charterlift-logo.png","width":200,"height":131,"caption":"CharterLift"},"image":{"@id":"https:\/\/www.becker.w15l.t4n.io\/charterlift\/#\/schema\/logo\/image\/"}},{"@type":"Person","@id":"https:\/\/www.becker.w15l.t4n.io\/charterlift\/#\/schema\/person\/688cb6bafa9708bbff86f1d746b6ca13","name":"charterlift"}]}},"_links":{"self":[{"href":"https:\/\/www.becker.w15l.t4n.io\/charterlift\/wp-json\/wp\/v2\/posts\/1658"}],"collection":[{"href":"https:\/\/www.becker.w15l.t4n.io\/charterlift\/wp-json\/wp\/v2\/posts"}],"about":[{"href":"https:\/\/www.becker.w15l.t4n.io\/charterlift\/wp-json\/wp\/v2\/types\/post"}],"author":[{"embeddable":true,"href":"https:\/\/www.becker.w15l.t4n.io\/charterlift\/wp-json\/wp\/v2\/users\/2"}],"replies":[{"embeddable":true,"href":"https:\/\/www.becker.w15l.t4n.io\/charterlift\/wp-json\/wp\/v2\/comments?post=1658"}],"version-history":[{"count":0,"href":"https:\/\/www.becker.w15l.t4n.io\/charterlift\/wp-json\/wp\/v2\/posts\/1658\/revisions"}],"wp:featuredmedia":[{"embeddable":true,"href":"https:\/\/www.becker.w15l.t4n.io\/charterlift\/wp-json\/wp\/v2\/media\/2002"}],"wp:attachment":[{"href":"https:\/\/www.becker.w15l.t4n.io\/charterlift\/wp-json\/wp\/v2\/media?parent=1658"}],"wp:term":[{"taxonomy":"category","embeddable":true,"href":"https:\/\/www.becker.w15l.t4n.io\/charterlift\/wp-json\/wp\/v2\/categories?post=1658"},{"taxonomy":"post_tag","embeddable":true,"href":"https:\/\/www.becker.w15l.t4n.io\/charterlift\/wp-json\/wp\/v2\/tags?post=1658"}],"curies":[{"name":"wp","href":"https:\/\/api.w.org\/{rel}","templated":true}]}}