{"id":1665,"date":"2017-02-27T10:20:26","date_gmt":"2017-02-27T10:20:26","guid":{"rendered":"https:\/\/www.becker.w15l.t4n.io\/charterlift\/?p=1665"},"modified":"2018-12-20T10:05:45","modified_gmt":"2018-12-20T09:05:45","slug":"kein-co%c2%b2-kein-feinstaub-kein-laerm-roadshow-2017","status":"publish","type":"post","link":"https:\/\/www.becker.w15l.t4n.io\/charterlift\/kein-co%c2%b2-kein-feinstaub-kein-laerm-roadshow-2017\/","title":{"rendered":"KLUBB K20 &#8211;  emissionsfreies Arbeiten und Fahren &#8211; \u00fcberall!"},"content":{"rendered":"<p><img loading=\"lazy\" class=\"alignnone  wp-image-2043\" src=\"https:\/\/www.becker.w15l.t4n.io\/charterlift\/wp-content\/uploads\/2017\/02\/DSCF0063-2-1024x672.jpg\" alt=\"\" width=\"869\" height=\"570\" srcset=\"https:\/\/www.becker.w15l.t4n.io\/charterlift\/wp-content\/uploads\/2017\/02\/DSCF0063-2-1024x672.jpg 1024w, https:\/\/www.becker.w15l.t4n.io\/charterlift\/wp-content\/uploads\/2017\/02\/DSCF0063-2-457x300.jpg 457w, https:\/\/www.becker.w15l.t4n.io\/charterlift\/wp-content\/uploads\/2017\/02\/DSCF0063-2-300x197.jpg 300w, https:\/\/www.becker.w15l.t4n.io\/charterlift\/wp-content\/uploads\/2017\/02\/DSCF0063-2-768x504.jpg 768w\" sizes=\"(max-width: 869px) 100vw, 869px\" \/><\/p>\n<p style=\"text-align: justify;\"><span style=\"color: #008000;\"><strong>&#8222;ZERO&#8220; &#8211;\u00a0\u00a0CO\u00b2, NOX, Feinstaub, L\u00e4rm<\/strong> <\/span>&#8211; ideal f\u00fcr Fu\u00dfg\u00e4ngerzonen, Innen- und Altst\u00e4dte, Wohngebieten, etc. im Bereich Ampelwartung, Stra\u00dfenbeleuchtung, Reklametafeln oder <span style=\"color: #008000;\"><strong>auch in allen Hallen oder Innenr\u00e4umen.<\/strong><\/span><\/p>\n<p style=\"text-align: justify;\">Aber auch in gro\u00dfen Betrieben und auf Werks- oder Messegel\u00e4nden, bei Gro\u00dfunternehmen, Zoos, Vergn\u00fcgungsparks, Wohnanlagen, Kliniken etc. findet das Fahrzeug mit seiner einfachen, unkomplizierten Handhabung ein breites Anwenderspektrum. Keine Passanten, Anwohner, Mitarbeiter, Ladenbesitzer die sich \u00fcber Abgase oder L\u00e4rm beschweren, einfach<span style=\"color: #008000;\"><strong> &#8222;0&#8220; Emission!<\/strong><\/span><\/p>\n<p style=\"text-align: justify;\">Dieses einzigartige, <strong>zukunftsweisende Ger\u00e4tekonzept mit 10 mtr. Arbeitsh\u00f6he, 5 mtr. seitlicher Reichweite<\/strong>, stattlichen <strong>120 kg Korblast <em>ohne St\u00fctzen!!,<\/em><\/strong> aufrechtem Korbeinstieg und\u00a0serienm\u00e4\u00dfiger\u00a0<strong>1.000 V\u00a0Isolierung<\/strong> des gr\u00f6\u00dften franz\u00f6sischen Hubb\u00fchnenhersteller \u201eKLUBB\u201c ist zudem\u00a0\u00e4u\u00dferst wirtschaftlich im Unterhalt.<\/p>\n<p style=\"text-align: justify;\">Die Einheit\u00a0wiegt nur ca. 2.000 kg\u00a0und bef\u00e4hrt mit einer Breite von nur 1,7 mtr. jeden Rad- oder Fu\u00dfweg bzw. jede Staplergasse.<\/p>\n<p style=\"text-align: justify;\"><img loading=\"lazy\" class=\"alignnone  wp-image-2124\" src=\"https:\/\/www.becker.w15l.t4n.io\/charterlift\/wp-content\/uploads\/2017\/02\/neutral-12-2-1024x915.jpg\" alt=\"\" width=\"358\" height=\"320\" srcset=\"https:\/\/www.becker.w15l.t4n.io\/charterlift\/wp-content\/uploads\/2017\/02\/neutral-12-2-1024x915.jpg 1024w, https:\/\/www.becker.w15l.t4n.io\/charterlift\/wp-content\/uploads\/2017\/02\/neutral-12-2-336x300.jpg 336w, https:\/\/www.becker.w15l.t4n.io\/charterlift\/wp-content\/uploads\/2017\/02\/neutral-12-2-300x268.jpg 300w, https:\/\/www.becker.w15l.t4n.io\/charterlift\/wp-content\/uploads\/2017\/02\/neutral-12-2-768x687.jpg 768w, https:\/\/www.becker.w15l.t4n.io\/charterlift\/wp-content\/uploads\/2017\/02\/neutral-12-2.jpg 1801w\" sizes=\"(max-width: 358px) 100vw, 358px\" \/>\u00a0\u00a0 <img loading=\"lazy\" class=\"alignnone  wp-image-2113\" src=\"https:\/\/www.becker.w15l.t4n.io\/charterlift\/wp-content\/uploads\/2017\/02\/20180723_143500-2-576x1024.jpg\" alt=\"\" width=\"178\" height=\"317\" srcset=\"https:\/\/www.becker.w15l.t4n.io\/charterlift\/wp-content\/uploads\/2017\/02\/20180723_143500-2-576x1024.jpg 576w, https:\/\/www.becker.w15l.t4n.io\/charterlift\/wp-content\/uploads\/2017\/02\/20180723_143500-2-169x300.jpg 169w, https:\/\/www.becker.w15l.t4n.io\/charterlift\/wp-content\/uploads\/2017\/02\/20180723_143500-2-768x1365.jpg 768w, https:\/\/www.becker.w15l.t4n.io\/charterlift\/wp-content\/uploads\/2017\/02\/20180723_143500-2.jpg 1920w\" sizes=\"(max-width: 178px) 100vw, 178px\" \/>\u00a0 \u00a0<img loading=\"lazy\" class=\"alignnone wp-image-1728\" src=\"https:\/\/www.becker.w15l.t4n.io\/charterlift\/wp-content\/uploads\/2017\/02\/20170315_133424-e1506335835455-768x1024.jpg\" alt=\"\" width=\"238\" height=\"317\" srcset=\"https:\/\/www.becker.w15l.t4n.io\/charterlift\/wp-content\/uploads\/2017\/02\/20170315_133424-e1506335835455-768x1024.jpg 768w, https:\/\/www.becker.w15l.t4n.io\/charterlift\/wp-content\/uploads\/2017\/02\/20170315_133424-e1506335835455-225x300.jpg 225w, https:\/\/www.becker.w15l.t4n.io\/charterlift\/wp-content\/uploads\/2017\/02\/20170315_133424-e1506335835455.jpg 1920w\" sizes=\"(max-width: 238px) 100vw, 238px\" \/><\/p>\n<p><img loading=\"lazy\" class=\"alignnone  wp-image-2127\" src=\"https:\/\/www.becker.w15l.t4n.io\/charterlift\/wp-content\/uploads\/2017\/02\/neutral-14-2-1024x720.jpg\" alt=\"\" width=\"374\" height=\"263\" srcset=\"https:\/\/www.becker.w15l.t4n.io\/charterlift\/wp-content\/uploads\/2017\/02\/neutral-14-2-1024x720.jpg 1024w, https:\/\/www.becker.w15l.t4n.io\/charterlift\/wp-content\/uploads\/2017\/02\/neutral-14-2-427x300.jpg 427w, https:\/\/www.becker.w15l.t4n.io\/charterlift\/wp-content\/uploads\/2017\/02\/neutral-14-2-300x211.jpg 300w, https:\/\/www.becker.w15l.t4n.io\/charterlift\/wp-content\/uploads\/2017\/02\/neutral-14-2-768x540.jpg 768w, https:\/\/www.becker.w15l.t4n.io\/charterlift\/wp-content\/uploads\/2017\/02\/neutral-14-2.jpg 1737w\" sizes=\"(max-width: 374px) 100vw, 374px\" \/>\u00a0\u00a0 <img loading=\"lazy\" class=\"alignnone  wp-image-2118\" src=\"https:\/\/www.becker.w15l.t4n.io\/charterlift\/wp-content\/uploads\/2017\/02\/neutral-4-1024x649.jpg\" alt=\"\" width=\"416\" height=\"264\" srcset=\"https:\/\/www.becker.w15l.t4n.io\/charterlift\/wp-content\/uploads\/2017\/02\/neutral-4-1024x649.jpg 1024w, https:\/\/www.becker.w15l.t4n.io\/charterlift\/wp-content\/uploads\/2017\/02\/neutral-4-474x300.jpg 474w, https:\/\/www.becker.w15l.t4n.io\/charterlift\/wp-content\/uploads\/2017\/02\/neutral-4-300x190.jpg 300w, https:\/\/www.becker.w15l.t4n.io\/charterlift\/wp-content\/uploads\/2017\/02\/neutral-4-768x487.jpg 768w\" sizes=\"(max-width: 416px) 100vw, 416px\" \/><\/p>\n<p><img loading=\"lazy\" class=\"alignnone  wp-image-2117\" src=\"https:\/\/www.becker.w15l.t4n.io\/charterlift\/wp-content\/uploads\/2017\/02\/neutral-3-923x1024.jpg\" alt=\"\" width=\"269\" height=\"299\" srcset=\"https:\/\/www.becker.w15l.t4n.io\/charterlift\/wp-content\/uploads\/2017\/02\/neutral-3-923x1024.jpg 923w, https:\/\/www.becker.w15l.t4n.io\/charterlift\/wp-content\/uploads\/2017\/02\/neutral-3-270x300.jpg 270w, https:\/\/www.becker.w15l.t4n.io\/charterlift\/wp-content\/uploads\/2017\/02\/neutral-3-768x852.jpg 768w, https:\/\/www.becker.w15l.t4n.io\/charterlift\/wp-content\/uploads\/2017\/02\/neutral-3.jpg 1920w\" sizes=\"(max-width: 269px) 100vw, 269px\" \/>\u00a0 \u00a0<img loading=\"lazy\" class=\"alignnone  wp-image-2121\" src=\"https:\/\/www.becker.w15l.t4n.io\/charterlift\/wp-content\/uploads\/2017\/02\/neutral-8-984x1024.jpg\" alt=\"\" width=\"286\" height=\"297\" srcset=\"https:\/\/www.becker.w15l.t4n.io\/charterlift\/wp-content\/uploads\/2017\/02\/neutral-8-984x1024.jpg 984w, https:\/\/www.becker.w15l.t4n.io\/charterlift\/wp-content\/uploads\/2017\/02\/neutral-8-288x300.jpg 288w, https:\/\/www.becker.w15l.t4n.io\/charterlift\/wp-content\/uploads\/2017\/02\/neutral-8-768x799.jpg 768w, https:\/\/www.becker.w15l.t4n.io\/charterlift\/wp-content\/uploads\/2017\/02\/neutral-8.jpg 1606w\" sizes=\"(max-width: 286px) 100vw, 286px\" \/>\u00a0\u00a0\u00a0<img loading=\"lazy\" class=\"alignnone  wp-image-2120\" src=\"https:\/\/www.becker.w15l.t4n.io\/charterlift\/wp-content\/uploads\/2017\/02\/neutral-7-784x1024.jpg\" alt=\"\" width=\"228\" height=\"297\" srcset=\"https:\/\/www.becker.w15l.t4n.io\/charterlift\/wp-content\/uploads\/2017\/02\/neutral-7-784x1024.jpg 784w, https:\/\/www.becker.w15l.t4n.io\/charterlift\/wp-content\/uploads\/2017\/02\/neutral-7-230x300.jpg 230w, https:\/\/www.becker.w15l.t4n.io\/charterlift\/wp-content\/uploads\/2017\/02\/neutral-7-768x1003.jpg 768w, https:\/\/www.becker.w15l.t4n.io\/charterlift\/wp-content\/uploads\/2017\/02\/neutral-7.jpg 1791w\" sizes=\"(max-width: 228px) 100vw, 228px\" \/><\/p>\n<p><img loading=\"lazy\" class=\"alignnone  wp-image-2139\" src=\"https:\/\/www.becker.w15l.t4n.io\/charterlift\/wp-content\/uploads\/2017\/02\/neutral-15-1024x555.jpg\" alt=\"\" width=\"592\" height=\"321\" srcset=\"https:\/\/www.becker.w15l.t4n.io\/charterlift\/wp-content\/uploads\/2017\/02\/neutral-15-1024x555.jpg 1024w, https:\/\/www.becker.w15l.t4n.io\/charterlift\/wp-content\/uploads\/2017\/02\/neutral-15-553x300.jpg 553w, https:\/\/www.becker.w15l.t4n.io\/charterlift\/wp-content\/uploads\/2017\/02\/neutral-15-300x163.jpg 300w, https:\/\/www.becker.w15l.t4n.io\/charterlift\/wp-content\/uploads\/2017\/02\/neutral-15-768x416.jpg 768w\" sizes=\"(max-width: 592px) 100vw, 592px\" \/>\u00a0\u00a0\u00a0\u00a0\u00a0 \u00a0<img loading=\"lazy\" class=\"alignnone  wp-image-2140\" src=\"https:\/\/www.becker.w15l.t4n.io\/charterlift\/wp-content\/uploads\/2017\/02\/neutral-16-576x1024.jpg\" alt=\"\" width=\"180\" height=\"320\" srcset=\"https:\/\/www.becker.w15l.t4n.io\/charterlift\/wp-content\/uploads\/2017\/02\/neutral-16-576x1024.jpg 576w, https:\/\/www.becker.w15l.t4n.io\/charterlift\/wp-content\/uploads\/2017\/02\/neutral-16-169x300.jpg 169w, https:\/\/www.becker.w15l.t4n.io\/charterlift\/wp-content\/uploads\/2017\/02\/neutral-16-768x1365.jpg 768w, https:\/\/www.becker.w15l.t4n.io\/charterlift\/wp-content\/uploads\/2017\/02\/neutral-16.jpg 1920w\" sizes=\"(max-width: 180px) 100vw, 180px\" \/><\/p>\n<p style=\"text-align: justify;\">Wird das Serienfahrzeug NISSAN e-NV 200<strong> tempor\u00e4r nicht als Arbeitsb\u00fchne ben\u00f6tigt<\/strong>, ist es f\u00fcr\u00a0die Werkinstandhaltung, die Haustechnik, den Hausmeister, den Bauhofleiter, den Stadtboten, das Sekretariat, den B\u00fcrgermeister, den Vorstand\u00a0etc. das<strong> ideal <span style=\"color: #008000;\">umweltfreundliche Transportfahrzeug <\/span><\/strong>mit<strong>\u00a0<\/strong>reichlich Platz f\u00fcr allerlei Material.\u00a0Auf gro\u00dfen Betriebsgel\u00e4nden sowie im Stadtgebiet k\u00f6nnen\u00a0s\u00e4mtliche\u00a0 allt\u00e4glichen Dienst- und Besorgungsfahrten rasch und umweltfreundlich erledigt werden.\u00a0 Mit einer <strong>Reichweite <\/strong>von bis zu <span style=\"color: #339966;\"><strong>260 km<\/strong> <\/span>und fast<strong> 130 km\/h <\/strong>schnell lassen sich\u00a0alle Aufgaben auch in weitr\u00e4umigen\u00a0Stadtgebieten\u00a0<strong>rasch und <span style=\"color: #339966;\">emissionsfrei<\/span><\/strong> erledigen.<\/p>\n<p style=\"text-align: justify;\">Dar\u00fcber hinaus ist das Fahrzeug ein umweltfreundlicher, sympathischer Werbetr\u00e4ger f\u00fcr Ihr Unternehmen und innerhalb von <strong>50 min. aufgeladen <\/strong>(abh\u00e4ngig von der Ladetechnik).<\/p>\n<p style=\"text-align: justify;\">Das Fahrzeugkauf wird aktuell von der deutschen\u00a0Bundesregierung mit bis zu \u20ac 2.000,&#8211; bezuschusst. \u00a0<a href=\"https:\/\/www.becker.w15l.t4n.io\/charterlift\/wp-content\/uploads\/2017\/02\/Merkplatt-F\u00f6rderung-E-Mobilit\u00e4t.pdf\">F\u00f6rderung E-Mobilit\u00e4t<\/a>\u00a0\u00a0<\/p>\n<p style=\"text-align: justify;\">Prospekt KLUBB\u00a0<a href=\"https:\/\/www.becker.w15l.t4n.io\/charterlift\/wp-content\/uploads\/2017\/02\/Prospekt-K-20-deutsch.pdf\">K20<\/a><\/p>\n<p style=\"text-align: justify;\">Gerne stellen wir Ihnen diese zukunftsweisende Technik im Rahmen unserer bundesweiten Vorf\u00fchrtour\u00a0vor Ort vor!<\/p>\n\n\n<figure class=\"wp-block-image\"><img alt=\"\"\/><\/figure>\n","protected":false},"excerpt":{"rendered":"<p>&#8222;ZERO&#8220; &#8211;\u00a0\u00a0CO\u00b2, NOX, Feinstaub, L\u00e4rm &#8211; ideal f\u00fcr Fu\u00dfg\u00e4ngerzonen, Innen- und Altst\u00e4dte, Wohngebieten, etc. im Bereich Ampelwartung, Stra\u00dfenbeleuchtung, Reklametafeln oder auch in allen Hallen oder Innenr\u00e4umen. Aber auch in gro\u00dfen Betrieben und auf Werks- oder Messegel\u00e4nden, bei Gro\u00dfunternehmen, Zoos, Vergn\u00fcgungsparks, Wohnanlagen, Kliniken etc. findet das Fahrzeug mit seiner einfachen, unkomplizierten Handhabung ein breites Anwenderspektrum. Keine [&hellip;]<\/p>\n","protected":false},"author":2,"featured_media":2038,"comment_status":"closed","ping_status":"closed","sticky":false,"template":"","format":"standard","meta":[],"categories":[36],"tags":[],"yoast_head":"<!-- This site is optimized with the Yoast SEO plugin v19.6.1 - https:\/\/yoast.com\/wordpress\/plugins\/seo\/ -->\n<title>KLUBB K20 - emissionsfreies Arbeiten und Fahren - \u00fcberall! - Charter Lift<\/title>\n<meta name=\"robots\" content=\"index, follow, max-snippet:-1, max-image-preview:large, max-video-preview:-1\" \/>\n<link rel=\"canonical\" href=\"https:\/\/www.becker.w15l.t4n.io\/charterlift\/kein-co\u00b2-kein-feinstaub-kein-laerm-roadshow-2017\/\" \/>\n<meta property=\"og:locale\" content=\"de_DE\" \/>\n<meta property=\"og:type\" content=\"article\" \/>\n<meta property=\"og:title\" content=\"KLUBB K20 - emissionsfreies Arbeiten und Fahren - \u00fcberall! - Charter Lift\" \/>\n<meta property=\"og:description\" content=\"&#8222;ZERO&#8220; &#8211;\u00a0\u00a0CO\u00b2, NOX, Feinstaub, L\u00e4rm &#8211; ideal f\u00fcr Fu\u00dfg\u00e4ngerzonen, Innen- und Altst\u00e4dte, Wohngebieten, etc. im Bereich Ampelwartung, Stra\u00dfenbeleuchtung, Reklametafeln oder auch in allen Hallen oder Innenr\u00e4umen. Aber auch in gro\u00dfen Betrieben und auf Werks- oder Messegel\u00e4nden, bei Gro\u00dfunternehmen, Zoos, Vergn\u00fcgungsparks, Wohnanlagen, Kliniken etc. findet das Fahrzeug mit seiner einfachen, unkomplizierten Handhabung ein breites Anwenderspektrum. Keine [&hellip;]\" \/>\n<meta property=\"og:url\" content=\"https:\/\/www.becker.w15l.t4n.io\/charterlift\/kein-co\u00b2-kein-feinstaub-kein-laerm-roadshow-2017\/\" \/>\n<meta property=\"og:site_name\" content=\"Charter Lift\" \/>\n<meta property=\"article:published_time\" content=\"2017-02-27T10:20:26+00:00\" \/>\n<meta property=\"article:modified_time\" content=\"2018-12-20T09:05:45+00:00\" \/>\n<meta property=\"og:image\" content=\"https:\/\/www.becker.w15l.t4n.io\/charterlift\/wp-content\/uploads\/2018\/03\/DSCF0121-3.jpg\" \/>\n\t<meta property=\"og:image:width\" content=\"2008\" \/>\n\t<meta property=\"og:image:height\" content=\"1380\" \/>\n\t<meta property=\"og:image:type\" content=\"image\/jpeg\" \/>\n<meta name=\"author\" content=\"charterlift\" \/>\n<meta name=\"twitter:card\" content=\"summary_large_image\" \/>\n<meta name=\"twitter:label1\" content=\"Verfasst von\" \/>\n\t<meta name=\"twitter:data1\" content=\"charterlift\" \/>\n\t<meta name=\"twitter:label2\" content=\"Gesch\u00e4tzte Lesezeit\" \/>\n\t<meta name=\"twitter:data2\" content=\"1\u00a0Minute\" \/>\n<script type=\"application\/ld+json\" class=\"yoast-schema-graph\">{\"@context\":\"https:\/\/schema.org\",\"@graph\":[{\"@type\":\"Article\",\"@id\":\"https:\/\/www.becker.w15l.t4n.io\/charterlift\/kein-co%c2%b2-kein-feinstaub-kein-laerm-roadshow-2017\/#article\",\"isPartOf\":{\"@id\":\"https:\/\/www.becker.w15l.t4n.io\/charterlift\/kein-co%c2%b2-kein-feinstaub-kein-laerm-roadshow-2017\/\"},\"author\":{\"name\":\"charterlift\",\"@id\":\"https:\/\/www.becker.w15l.t4n.io\/charterlift\/#\/schema\/person\/688cb6bafa9708bbff86f1d746b6ca13\"},\"headline\":\"KLUBB K20 &#8211; emissionsfreies Arbeiten und Fahren &#8211; \u00fcberall!\",\"datePublished\":\"2017-02-27T10:20:26+00:00\",\"dateModified\":\"2018-12-20T09:05:45+00:00\",\"mainEntityOfPage\":{\"@id\":\"https:\/\/www.becker.w15l.t4n.io\/charterlift\/kein-co%c2%b2-kein-feinstaub-kein-laerm-roadshow-2017\/\"},\"wordCount\":307,\"publisher\":{\"@id\":\"https:\/\/www.becker.w15l.t4n.io\/charterlift\/#organization\"},\"articleSection\":[\"News\"],\"inLanguage\":\"de\"},{\"@type\":\"WebPage\",\"@id\":\"https:\/\/www.becker.w15l.t4n.io\/charterlift\/kein-co%c2%b2-kein-feinstaub-kein-laerm-roadshow-2017\/\",\"url\":\"https:\/\/www.becker.w15l.t4n.io\/charterlift\/kein-co%c2%b2-kein-feinstaub-kein-laerm-roadshow-2017\/\",\"name\":\"KLUBB K20 - emissionsfreies Arbeiten und Fahren - \u00fcberall! - Charter Lift\",\"isPartOf\":{\"@id\":\"https:\/\/www.becker.w15l.t4n.io\/charterlift\/#website\"},\"datePublished\":\"2017-02-27T10:20:26+00:00\",\"dateModified\":\"2018-12-20T09:05:45+00:00\",\"breadcrumb\":{\"@id\":\"https:\/\/www.becker.w15l.t4n.io\/charterlift\/kein-co%c2%b2-kein-feinstaub-kein-laerm-roadshow-2017\/#breadcrumb\"},\"inLanguage\":\"de\",\"potentialAction\":[{\"@type\":\"ReadAction\",\"target\":[\"https:\/\/www.becker.w15l.t4n.io\/charterlift\/kein-co%c2%b2-kein-feinstaub-kein-laerm-roadshow-2017\/\"]}]},{\"@type\":\"BreadcrumbList\",\"@id\":\"https:\/\/www.becker.w15l.t4n.io\/charterlift\/kein-co%c2%b2-kein-feinstaub-kein-laerm-roadshow-2017\/#breadcrumb\",\"itemListElement\":[{\"@type\":\"ListItem\",\"position\":1,\"name\":\"Startseite\",\"item\":\"https:\/\/www.becker.w15l.t4n.io\/charterlift\/\"},{\"@type\":\"ListItem\",\"position\":2,\"name\":\"KLUBB K20 &#8211; emissionsfreies Arbeiten und Fahren &#8211; \u00fcberall!\"}]},{\"@type\":\"WebSite\",\"@id\":\"https:\/\/www.becker.w15l.t4n.io\/charterlift\/#website\",\"url\":\"https:\/\/www.becker.w15l.t4n.io\/charterlift\/\",\"name\":\"Charter Lift\",\"description\":\"Systemdienstleister f\u00fcr modernste, mobile Zugangs- und Hebetechnik\",\"publisher\":{\"@id\":\"https:\/\/www.becker.w15l.t4n.io\/charterlift\/#organization\"},\"potentialAction\":[{\"@type\":\"SearchAction\",\"target\":{\"@type\":\"EntryPoint\",\"urlTemplate\":\"https:\/\/www.becker.w15l.t4n.io\/charterlift\/?s={search_term_string}\"},\"query-input\":\"required name=search_term_string\"}],\"inLanguage\":\"de\"},{\"@type\":\"Organization\",\"@id\":\"https:\/\/www.becker.w15l.t4n.io\/charterlift\/#organization\",\"name\":\"CharterLift\",\"url\":\"https:\/\/www.becker.w15l.t4n.io\/charterlift\/\",\"sameAs\":[],\"logo\":{\"@type\":\"ImageObject\",\"inLanguage\":\"de\",\"@id\":\"https:\/\/www.becker.w15l.t4n.io\/charterlift\/#\/schema\/logo\/image\/\",\"url\":\"https:\/\/www.becker.w15l.t4n.io\/charterlift\/wp-content\/uploads\/charterlift-logo.png\",\"contentUrl\":\"https:\/\/www.becker.w15l.t4n.io\/charterlift\/wp-content\/uploads\/charterlift-logo.png\",\"width\":200,\"height\":131,\"caption\":\"CharterLift\"},\"image\":{\"@id\":\"https:\/\/www.becker.w15l.t4n.io\/charterlift\/#\/schema\/logo\/image\/\"}},{\"@type\":\"Person\",\"@id\":\"https:\/\/www.becker.w15l.t4n.io\/charterlift\/#\/schema\/person\/688cb6bafa9708bbff86f1d746b6ca13\",\"name\":\"charterlift\"}]}<\/script>\n<!-- \/ Yoast SEO plugin. -->","yoast_head_json":{"title":"KLUBB K20 - emissionsfreies Arbeiten und Fahren - \u00fcberall! - Charter Lift","robots":{"index":"index","follow":"follow","max-snippet":"max-snippet:-1","max-image-preview":"max-image-preview:large","max-video-preview":"max-video-preview:-1"},"canonical":"https:\/\/www.becker.w15l.t4n.io\/charterlift\/kein-co\u00b2-kein-feinstaub-kein-laerm-roadshow-2017\/","og_locale":"de_DE","og_type":"article","og_title":"KLUBB K20 - emissionsfreies Arbeiten und Fahren - \u00fcberall! - Charter Lift","og_description":"&#8222;ZERO&#8220; &#8211;\u00a0\u00a0CO\u00b2, NOX, Feinstaub, L\u00e4rm &#8211; ideal f\u00fcr Fu\u00dfg\u00e4ngerzonen, Innen- und Altst\u00e4dte, Wohngebieten, etc. im Bereich Ampelwartung, Stra\u00dfenbeleuchtung, Reklametafeln oder auch in allen Hallen oder Innenr\u00e4umen. Aber auch in gro\u00dfen Betrieben und auf Werks- oder Messegel\u00e4nden, bei Gro\u00dfunternehmen, Zoos, Vergn\u00fcgungsparks, Wohnanlagen, Kliniken etc. findet das Fahrzeug mit seiner einfachen, unkomplizierten Handhabung ein breites Anwenderspektrum. Keine [&hellip;]","og_url":"https:\/\/www.becker.w15l.t4n.io\/charterlift\/kein-co\u00b2-kein-feinstaub-kein-laerm-roadshow-2017\/","og_site_name":"Charter Lift","article_published_time":"2017-02-27T10:20:26+00:00","article_modified_time":"2018-12-20T09:05:45+00:00","og_image":[{"width":2008,"height":1380,"url":"https:\/\/www.becker.w15l.t4n.io\/charterlift\/wp-content\/uploads\/2018\/03\/DSCF0121-3.jpg","type":"image\/jpeg"}],"author":"charterlift","twitter_card":"summary_large_image","twitter_misc":{"Verfasst von":"charterlift","Gesch\u00e4tzte Lesezeit":"1\u00a0Minute"},"schema":{"@context":"https:\/\/schema.org","@graph":[{"@type":"Article","@id":"https:\/\/www.becker.w15l.t4n.io\/charterlift\/kein-co%c2%b2-kein-feinstaub-kein-laerm-roadshow-2017\/#article","isPartOf":{"@id":"https:\/\/www.becker.w15l.t4n.io\/charterlift\/kein-co%c2%b2-kein-feinstaub-kein-laerm-roadshow-2017\/"},"author":{"name":"charterlift","@id":"https:\/\/www.becker.w15l.t4n.io\/charterlift\/#\/schema\/person\/688cb6bafa9708bbff86f1d746b6ca13"},"headline":"KLUBB K20 &#8211; emissionsfreies Arbeiten und Fahren &#8211; \u00fcberall!","datePublished":"2017-02-27T10:20:26+00:00","dateModified":"2018-12-20T09:05:45+00:00","mainEntityOfPage":{"@id":"https:\/\/www.becker.w15l.t4n.io\/charterlift\/kein-co%c2%b2-kein-feinstaub-kein-laerm-roadshow-2017\/"},"wordCount":307,"publisher":{"@id":"https:\/\/www.becker.w15l.t4n.io\/charterlift\/#organization"},"articleSection":["News"],"inLanguage":"de"},{"@type":"WebPage","@id":"https:\/\/www.becker.w15l.t4n.io\/charterlift\/kein-co%c2%b2-kein-feinstaub-kein-laerm-roadshow-2017\/","url":"https:\/\/www.becker.w15l.t4n.io\/charterlift\/kein-co%c2%b2-kein-feinstaub-kein-laerm-roadshow-2017\/","name":"KLUBB K20 - emissionsfreies Arbeiten und Fahren - \u00fcberall! - Charter Lift","isPartOf":{"@id":"https:\/\/www.becker.w15l.t4n.io\/charterlift\/#website"},"datePublished":"2017-02-27T10:20:26+00:00","dateModified":"2018-12-20T09:05:45+00:00","breadcrumb":{"@id":"https:\/\/www.becker.w15l.t4n.io\/charterlift\/kein-co%c2%b2-kein-feinstaub-kein-laerm-roadshow-2017\/#breadcrumb"},"inLanguage":"de","potentialAction":[{"@type":"ReadAction","target":["https:\/\/www.becker.w15l.t4n.io\/charterlift\/kein-co%c2%b2-kein-feinstaub-kein-laerm-roadshow-2017\/"]}]},{"@type":"BreadcrumbList","@id":"https:\/\/www.becker.w15l.t4n.io\/charterlift\/kein-co%c2%b2-kein-feinstaub-kein-laerm-roadshow-2017\/#breadcrumb","itemListElement":[{"@type":"ListItem","position":1,"name":"Startseite","item":"https:\/\/www.becker.w15l.t4n.io\/charterlift\/"},{"@type":"ListItem","position":2,"name":"KLUBB K20 &#8211; emissionsfreies Arbeiten und Fahren &#8211; \u00fcberall!"}]},{"@type":"WebSite","@id":"https:\/\/www.becker.w15l.t4n.io\/charterlift\/#website","url":"https:\/\/www.becker.w15l.t4n.io\/charterlift\/","name":"Charter Lift","description":"Systemdienstleister f\u00fcr modernste, mobile Zugangs- und Hebetechnik","publisher":{"@id":"https:\/\/www.becker.w15l.t4n.io\/charterlift\/#organization"},"potentialAction":[{"@type":"SearchAction","target":{"@type":"EntryPoint","urlTemplate":"https:\/\/www.becker.w15l.t4n.io\/charterlift\/?s={search_term_string}"},"query-input":"required name=search_term_string"}],"inLanguage":"de"},{"@type":"Organization","@id":"https:\/\/www.becker.w15l.t4n.io\/charterlift\/#organization","name":"CharterLift","url":"https:\/\/www.becker.w15l.t4n.io\/charterlift\/","sameAs":[],"logo":{"@type":"ImageObject","inLanguage":"de","@id":"https:\/\/www.becker.w15l.t4n.io\/charterlift\/#\/schema\/logo\/image\/","url":"https:\/\/www.becker.w15l.t4n.io\/charterlift\/wp-content\/uploads\/charterlift-logo.png","contentUrl":"https:\/\/www.becker.w15l.t4n.io\/charterlift\/wp-content\/uploads\/charterlift-logo.png","width":200,"height":131,"caption":"CharterLift"},"image":{"@id":"https:\/\/www.becker.w15l.t4n.io\/charterlift\/#\/schema\/logo\/image\/"}},{"@type":"Person","@id":"https:\/\/www.becker.w15l.t4n.io\/charterlift\/#\/schema\/person\/688cb6bafa9708bbff86f1d746b6ca13","name":"charterlift"}]}},"_links":{"self":[{"href":"https:\/\/www.becker.w15l.t4n.io\/charterlift\/wp-json\/wp\/v2\/posts\/1665"}],"collection":[{"href":"https:\/\/www.becker.w15l.t4n.io\/charterlift\/wp-json\/wp\/v2\/posts"}],"about":[{"href":"https:\/\/www.becker.w15l.t4n.io\/charterlift\/wp-json\/wp\/v2\/types\/post"}],"author":[{"embeddable":true,"href":"https:\/\/www.becker.w15l.t4n.io\/charterlift\/wp-json\/wp\/v2\/users\/2"}],"replies":[{"embeddable":true,"href":"https:\/\/www.becker.w15l.t4n.io\/charterlift\/wp-json\/wp\/v2\/comments?post=1665"}],"version-history":[{"count":0,"href":"https:\/\/www.becker.w15l.t4n.io\/charterlift\/wp-json\/wp\/v2\/posts\/1665\/revisions"}],"wp:featuredmedia":[{"embeddable":true,"href":"https:\/\/www.becker.w15l.t4n.io\/charterlift\/wp-json\/wp\/v2\/media\/2038"}],"wp:attachment":[{"href":"https:\/\/www.becker.w15l.t4n.io\/charterlift\/wp-json\/wp\/v2\/media?parent=1665"}],"wp:term":[{"taxonomy":"category","embeddable":true,"href":"https:\/\/www.becker.w15l.t4n.io\/charterlift\/wp-json\/wp\/v2\/categories?post=1665"},{"taxonomy":"post_tag","embeddable":true,"href":"https:\/\/www.becker.w15l.t4n.io\/charterlift\/wp-json\/wp\/v2\/tags?post=1665"}],"curies":[{"name":"wp","href":"https:\/\/api.w.org\/{rel}","templated":true}]}}