{"id":1860,"date":"2018-01-25T12:28:47","date_gmt":"2018-01-25T11:28:47","guid":{"rendered":"https:\/\/www.becker.w15l.t4n.io\/charterlift\/?p=1860"},"modified":"2018-08-06T15:03:35","modified_gmt":"2018-08-06T13:03:35","slug":"x-klasse-mit-klubb-buehne-der-extra-klasse","status":"publish","type":"post","link":"https:\/\/www.becker.w15l.t4n.io\/charterlift\/x-klasse-mit-klubb-buehne-der-extra-klasse\/","title":{"rendered":"Mercedes-Benz X Klasse mit KLUBB B\u00fchne der extra Klasse!"},"content":{"rendered":"<p>KLUBB bringt auf Dr\u00e4ngen von <strong><em>CharterLift,<\/em><\/strong> mit der K 36, die erste Teleskop Arbeitsb\u00fchne auf der neuen X Klasse von Mercedes-Benz auf den Markt.<\/p>\r\n<p><img loading=\"lazy\" class=\"alignnone  wp-image-1858\" src=\"https:\/\/www.becker.w15l.t4n.io\/charterlift\/wp-content\/uploads\/2018\/01\/K-36-MB-4x4.jpg\" alt=\"\" width=\"625\" height=\"353\" srcset=\"https:\/\/www.becker.w15l.t4n.io\/charterlift\/wp-content\/uploads\/2018\/01\/K-36-MB-4x4.jpg 3398w, https:\/\/www.becker.w15l.t4n.io\/charterlift\/wp-content\/uploads\/2018\/01\/K-36-MB-4x4-531x300.jpg 531w, https:\/\/www.becker.w15l.t4n.io\/charterlift\/wp-content\/uploads\/2018\/01\/K-36-MB-4x4-300x170.jpg 300w, https:\/\/www.becker.w15l.t4n.io\/charterlift\/wp-content\/uploads\/2018\/01\/K-36-MB-4x4-768x434.jpg 768w, https:\/\/www.becker.w15l.t4n.io\/charterlift\/wp-content\/uploads\/2018\/01\/K-36-MB-4x4-1024x579.jpg 1024w\" sizes=\"(max-width: 625px) 100vw, 625px\" \/><\/p>\r\n<p>Die Einheit mit 11 mtr. Arbeitsh\u00f6he kommt ohne Abst\u00fctzung aus und ist serienm\u00e4\u00dfig mit einem gegen 1.000 V isolierten Korb ausgestattet.<\/p>\r\n<p>Die Zielgruppe sind Energieversorger und Telekomunikations Unternehmen in bergigen und engen Regionen mit hohem Schlechtwegeanteil.<\/p>\r\n<p>Die ersten Fahrzeuge werden deshalb auch in den deutschen und \u00f6sterreichischen Mittelgebirgen und im Alpenraum ihren Einsatz finden.<\/p>\r\n<p>Da immer mehr Energieversorger und Kommunen Ihre Fahrzeuge nicht mehr kaufen, sondern \u00fcber Jahre in ihrer kundenspezifischen Ausstattung anmieten, ist das Interesse an der Einheit auch Seitens der Vermietfirmen sehr gro\u00df.<\/p>","protected":false},"excerpt":{"rendered":"<p>KLUBB bringt auf Dr\u00e4ngen von CharterLift, mit der K 36, die erste Teleskop Arbeitsb\u00fchne auf der neuen X Klasse von Mercedes-Benz auf den Markt. Die Einheit mit 11 mtr. Arbeitsh\u00f6he kommt ohne Abst\u00fctzung aus und ist serienm\u00e4\u00dfig mit einem gegen 1.000 V isolierten Korb ausgestattet. Die Zielgruppe sind Energieversorger und Telekomunikations Unternehmen in bergigen und [&hellip;]<\/p>\n","protected":false},"author":2,"featured_media":2170,"comment_status":"closed","ping_status":"closed","sticky":false,"template":"","format":"standard","meta":[],"categories":[36],"tags":[],"yoast_head":"<!-- This site is optimized with the Yoast SEO plugin v19.6.1 - https:\/\/yoast.com\/wordpress\/plugins\/seo\/ -->\n<title>Mercedes-Benz X Klasse mit KLUBB B\u00fchne der extra Klasse! - Charter Lift<\/title>\n<meta name=\"robots\" content=\"index, follow, max-snippet:-1, max-image-preview:large, max-video-preview:-1\" \/>\n<link rel=\"canonical\" href=\"https:\/\/www.becker.w15l.t4n.io\/charterlift\/x-klasse-mit-klubb-buehne-der-extra-klasse\/\" \/>\n<meta property=\"og:locale\" content=\"de_DE\" \/>\n<meta property=\"og:type\" content=\"article\" \/>\n<meta property=\"og:title\" content=\"Mercedes-Benz X Klasse mit KLUBB B\u00fchne der extra Klasse! - Charter Lift\" \/>\n<meta property=\"og:description\" content=\"KLUBB bringt auf Dr\u00e4ngen von CharterLift, mit der K 36, die erste Teleskop Arbeitsb\u00fchne auf der neuen X Klasse von Mercedes-Benz auf den Markt. Die Einheit mit 11 mtr. Arbeitsh\u00f6he kommt ohne Abst\u00fctzung aus und ist serienm\u00e4\u00dfig mit einem gegen 1.000 V isolierten Korb ausgestattet. Die Zielgruppe sind Energieversorger und Telekomunikations Unternehmen in bergigen und [&hellip;]\" \/>\n<meta property=\"og:url\" content=\"https:\/\/www.becker.w15l.t4n.io\/charterlift\/x-klasse-mit-klubb-buehne-der-extra-klasse\/\" \/>\n<meta property=\"og:site_name\" content=\"Charter Lift\" \/>\n<meta property=\"article:published_time\" content=\"2018-01-25T11:28:47+00:00\" \/>\n<meta property=\"article:modified_time\" content=\"2018-08-06T13:03:35+00:00\" \/>\n<meta property=\"og:image\" content=\"https:\/\/www.becker.w15l.t4n.io\/charterlift\/wp-content\/uploads\/2018\/01\/KLUBB-K26-classeX-aerial_platforms.jpg\" \/>\n\t<meta property=\"og:image:width\" content=\"750\" \/>\n\t<meta property=\"og:image:height\" content=\"473\" \/>\n\t<meta property=\"og:image:type\" content=\"image\/jpeg\" \/>\n<meta name=\"author\" content=\"charterlift\" \/>\n<meta name=\"twitter:card\" content=\"summary_large_image\" \/>\n<meta name=\"twitter:label1\" content=\"Verfasst von\" \/>\n\t<meta name=\"twitter:data1\" content=\"charterlift\" \/>\n\t<meta name=\"twitter:label2\" content=\"Gesch\u00e4tzte Lesezeit\" \/>\n\t<meta name=\"twitter:data2\" content=\"1\u00a0Minute\" \/>\n<script type=\"application\/ld+json\" class=\"yoast-schema-graph\">{\"@context\":\"https:\/\/schema.org\",\"@graph\":[{\"@type\":\"Article\",\"@id\":\"https:\/\/www.becker.w15l.t4n.io\/charterlift\/x-klasse-mit-klubb-buehne-der-extra-klasse\/#article\",\"isPartOf\":{\"@id\":\"https:\/\/www.becker.w15l.t4n.io\/charterlift\/x-klasse-mit-klubb-buehne-der-extra-klasse\/\"},\"author\":{\"name\":\"charterlift\",\"@id\":\"https:\/\/www.becker.w15l.t4n.io\/charterlift\/#\/schema\/person\/688cb6bafa9708bbff86f1d746b6ca13\"},\"headline\":\"Mercedes-Benz X Klasse mit KLUBB B\u00fchne der extra Klasse!\",\"datePublished\":\"2018-01-25T11:28:47+00:00\",\"dateModified\":\"2018-08-06T13:03:35+00:00\",\"mainEntityOfPage\":{\"@id\":\"https:\/\/www.becker.w15l.t4n.io\/charterlift\/x-klasse-mit-klubb-buehne-der-extra-klasse\/\"},\"wordCount\":121,\"publisher\":{\"@id\":\"https:\/\/www.becker.w15l.t4n.io\/charterlift\/#organization\"},\"articleSection\":[\"News\"],\"inLanguage\":\"de\"},{\"@type\":\"WebPage\",\"@id\":\"https:\/\/www.becker.w15l.t4n.io\/charterlift\/x-klasse-mit-klubb-buehne-der-extra-klasse\/\",\"url\":\"https:\/\/www.becker.w15l.t4n.io\/charterlift\/x-klasse-mit-klubb-buehne-der-extra-klasse\/\",\"name\":\"Mercedes-Benz X Klasse mit KLUBB B\u00fchne der extra Klasse! - Charter Lift\",\"isPartOf\":{\"@id\":\"https:\/\/www.becker.w15l.t4n.io\/charterlift\/#website\"},\"datePublished\":\"2018-01-25T11:28:47+00:00\",\"dateModified\":\"2018-08-06T13:03:35+00:00\",\"breadcrumb\":{\"@id\":\"https:\/\/www.becker.w15l.t4n.io\/charterlift\/x-klasse-mit-klubb-buehne-der-extra-klasse\/#breadcrumb\"},\"inLanguage\":\"de\",\"potentialAction\":[{\"@type\":\"ReadAction\",\"target\":[\"https:\/\/www.becker.w15l.t4n.io\/charterlift\/x-klasse-mit-klubb-buehne-der-extra-klasse\/\"]}]},{\"@type\":\"BreadcrumbList\",\"@id\":\"https:\/\/www.becker.w15l.t4n.io\/charterlift\/x-klasse-mit-klubb-buehne-der-extra-klasse\/#breadcrumb\",\"itemListElement\":[{\"@type\":\"ListItem\",\"position\":1,\"name\":\"Startseite\",\"item\":\"https:\/\/www.becker.w15l.t4n.io\/charterlift\/\"},{\"@type\":\"ListItem\",\"position\":2,\"name\":\"Mercedes-Benz X Klasse mit KLUBB B\u00fchne der extra Klasse!\"}]},{\"@type\":\"WebSite\",\"@id\":\"https:\/\/www.becker.w15l.t4n.io\/charterlift\/#website\",\"url\":\"https:\/\/www.becker.w15l.t4n.io\/charterlift\/\",\"name\":\"Charter Lift\",\"description\":\"Systemdienstleister f\u00fcr modernste, mobile Zugangs- und Hebetechnik\",\"publisher\":{\"@id\":\"https:\/\/www.becker.w15l.t4n.io\/charterlift\/#organization\"},\"potentialAction\":[{\"@type\":\"SearchAction\",\"target\":{\"@type\":\"EntryPoint\",\"urlTemplate\":\"https:\/\/www.becker.w15l.t4n.io\/charterlift\/?s={search_term_string}\"},\"query-input\":\"required name=search_term_string\"}],\"inLanguage\":\"de\"},{\"@type\":\"Organization\",\"@id\":\"https:\/\/www.becker.w15l.t4n.io\/charterlift\/#organization\",\"name\":\"CharterLift\",\"url\":\"https:\/\/www.becker.w15l.t4n.io\/charterlift\/\",\"sameAs\":[],\"logo\":{\"@type\":\"ImageObject\",\"inLanguage\":\"de\",\"@id\":\"https:\/\/www.becker.w15l.t4n.io\/charterlift\/#\/schema\/logo\/image\/\",\"url\":\"https:\/\/www.becker.w15l.t4n.io\/charterlift\/wp-content\/uploads\/charterlift-logo.png\",\"contentUrl\":\"https:\/\/www.becker.w15l.t4n.io\/charterlift\/wp-content\/uploads\/charterlift-logo.png\",\"width\":200,\"height\":131,\"caption\":\"CharterLift\"},\"image\":{\"@id\":\"https:\/\/www.becker.w15l.t4n.io\/charterlift\/#\/schema\/logo\/image\/\"}},{\"@type\":\"Person\",\"@id\":\"https:\/\/www.becker.w15l.t4n.io\/charterlift\/#\/schema\/person\/688cb6bafa9708bbff86f1d746b6ca13\",\"name\":\"charterlift\"}]}<\/script>\n<!-- \/ Yoast SEO plugin. -->","yoast_head_json":{"title":"Mercedes-Benz X Klasse mit KLUBB B\u00fchne der extra Klasse! - Charter Lift","robots":{"index":"index","follow":"follow","max-snippet":"max-snippet:-1","max-image-preview":"max-image-preview:large","max-video-preview":"max-video-preview:-1"},"canonical":"https:\/\/www.becker.w15l.t4n.io\/charterlift\/x-klasse-mit-klubb-buehne-der-extra-klasse\/","og_locale":"de_DE","og_type":"article","og_title":"Mercedes-Benz X Klasse mit KLUBB B\u00fchne der extra Klasse! - Charter Lift","og_description":"KLUBB bringt auf Dr\u00e4ngen von CharterLift, mit der K 36, die erste Teleskop Arbeitsb\u00fchne auf der neuen X Klasse von Mercedes-Benz auf den Markt. Die Einheit mit 11 mtr. Arbeitsh\u00f6he kommt ohne Abst\u00fctzung aus und ist serienm\u00e4\u00dfig mit einem gegen 1.000 V isolierten Korb ausgestattet. Die Zielgruppe sind Energieversorger und Telekomunikations Unternehmen in bergigen und [&hellip;]","og_url":"https:\/\/www.becker.w15l.t4n.io\/charterlift\/x-klasse-mit-klubb-buehne-der-extra-klasse\/","og_site_name":"Charter Lift","article_published_time":"2018-01-25T11:28:47+00:00","article_modified_time":"2018-08-06T13:03:35+00:00","og_image":[{"width":750,"height":473,"url":"https:\/\/www.becker.w15l.t4n.io\/charterlift\/wp-content\/uploads\/2018\/01\/KLUBB-K26-classeX-aerial_platforms.jpg","type":"image\/jpeg"}],"author":"charterlift","twitter_card":"summary_large_image","twitter_misc":{"Verfasst von":"charterlift","Gesch\u00e4tzte Lesezeit":"1\u00a0Minute"},"schema":{"@context":"https:\/\/schema.org","@graph":[{"@type":"Article","@id":"https:\/\/www.becker.w15l.t4n.io\/charterlift\/x-klasse-mit-klubb-buehne-der-extra-klasse\/#article","isPartOf":{"@id":"https:\/\/www.becker.w15l.t4n.io\/charterlift\/x-klasse-mit-klubb-buehne-der-extra-klasse\/"},"author":{"name":"charterlift","@id":"https:\/\/www.becker.w15l.t4n.io\/charterlift\/#\/schema\/person\/688cb6bafa9708bbff86f1d746b6ca13"},"headline":"Mercedes-Benz X Klasse mit KLUBB B\u00fchne der extra Klasse!","datePublished":"2018-01-25T11:28:47+00:00","dateModified":"2018-08-06T13:03:35+00:00","mainEntityOfPage":{"@id":"https:\/\/www.becker.w15l.t4n.io\/charterlift\/x-klasse-mit-klubb-buehne-der-extra-klasse\/"},"wordCount":121,"publisher":{"@id":"https:\/\/www.becker.w15l.t4n.io\/charterlift\/#organization"},"articleSection":["News"],"inLanguage":"de"},{"@type":"WebPage","@id":"https:\/\/www.becker.w15l.t4n.io\/charterlift\/x-klasse-mit-klubb-buehne-der-extra-klasse\/","url":"https:\/\/www.becker.w15l.t4n.io\/charterlift\/x-klasse-mit-klubb-buehne-der-extra-klasse\/","name":"Mercedes-Benz X Klasse mit KLUBB B\u00fchne der extra Klasse! - Charter Lift","isPartOf":{"@id":"https:\/\/www.becker.w15l.t4n.io\/charterlift\/#website"},"datePublished":"2018-01-25T11:28:47+00:00","dateModified":"2018-08-06T13:03:35+00:00","breadcrumb":{"@id":"https:\/\/www.becker.w15l.t4n.io\/charterlift\/x-klasse-mit-klubb-buehne-der-extra-klasse\/#breadcrumb"},"inLanguage":"de","potentialAction":[{"@type":"ReadAction","target":["https:\/\/www.becker.w15l.t4n.io\/charterlift\/x-klasse-mit-klubb-buehne-der-extra-klasse\/"]}]},{"@type":"BreadcrumbList","@id":"https:\/\/www.becker.w15l.t4n.io\/charterlift\/x-klasse-mit-klubb-buehne-der-extra-klasse\/#breadcrumb","itemListElement":[{"@type":"ListItem","position":1,"name":"Startseite","item":"https:\/\/www.becker.w15l.t4n.io\/charterlift\/"},{"@type":"ListItem","position":2,"name":"Mercedes-Benz X Klasse mit KLUBB B\u00fchne der extra Klasse!"}]},{"@type":"WebSite","@id":"https:\/\/www.becker.w15l.t4n.io\/charterlift\/#website","url":"https:\/\/www.becker.w15l.t4n.io\/charterlift\/","name":"Charter Lift","description":"Systemdienstleister f\u00fcr modernste, mobile Zugangs- und Hebetechnik","publisher":{"@id":"https:\/\/www.becker.w15l.t4n.io\/charterlift\/#organization"},"potentialAction":[{"@type":"SearchAction","target":{"@type":"EntryPoint","urlTemplate":"https:\/\/www.becker.w15l.t4n.io\/charterlift\/?s={search_term_string}"},"query-input":"required name=search_term_string"}],"inLanguage":"de"},{"@type":"Organization","@id":"https:\/\/www.becker.w15l.t4n.io\/charterlift\/#organization","name":"CharterLift","url":"https:\/\/www.becker.w15l.t4n.io\/charterlift\/","sameAs":[],"logo":{"@type":"ImageObject","inLanguage":"de","@id":"https:\/\/www.becker.w15l.t4n.io\/charterlift\/#\/schema\/logo\/image\/","url":"https:\/\/www.becker.w15l.t4n.io\/charterlift\/wp-content\/uploads\/charterlift-logo.png","contentUrl":"https:\/\/www.becker.w15l.t4n.io\/charterlift\/wp-content\/uploads\/charterlift-logo.png","width":200,"height":131,"caption":"CharterLift"},"image":{"@id":"https:\/\/www.becker.w15l.t4n.io\/charterlift\/#\/schema\/logo\/image\/"}},{"@type":"Person","@id":"https:\/\/www.becker.w15l.t4n.io\/charterlift\/#\/schema\/person\/688cb6bafa9708bbff86f1d746b6ca13","name":"charterlift"}]}},"_links":{"self":[{"href":"https:\/\/www.becker.w15l.t4n.io\/charterlift\/wp-json\/wp\/v2\/posts\/1860"}],"collection":[{"href":"https:\/\/www.becker.w15l.t4n.io\/charterlift\/wp-json\/wp\/v2\/posts"}],"about":[{"href":"https:\/\/www.becker.w15l.t4n.io\/charterlift\/wp-json\/wp\/v2\/types\/post"}],"author":[{"embeddable":true,"href":"https:\/\/www.becker.w15l.t4n.io\/charterlift\/wp-json\/wp\/v2\/users\/2"}],"replies":[{"embeddable":true,"href":"https:\/\/www.becker.w15l.t4n.io\/charterlift\/wp-json\/wp\/v2\/comments?post=1860"}],"version-history":[{"count":0,"href":"https:\/\/www.becker.w15l.t4n.io\/charterlift\/wp-json\/wp\/v2\/posts\/1860\/revisions"}],"wp:featuredmedia":[{"embeddable":true,"href":"https:\/\/www.becker.w15l.t4n.io\/charterlift\/wp-json\/wp\/v2\/media\/2170"}],"wp:attachment":[{"href":"https:\/\/www.becker.w15l.t4n.io\/charterlift\/wp-json\/wp\/v2\/media?parent=1860"}],"wp:term":[{"taxonomy":"category","embeddable":true,"href":"https:\/\/www.becker.w15l.t4n.io\/charterlift\/wp-json\/wp\/v2\/categories?post=1860"},{"taxonomy":"post_tag","embeddable":true,"href":"https:\/\/www.becker.w15l.t4n.io\/charterlift\/wp-json\/wp\/v2\/tags?post=1860"}],"curies":[{"name":"wp","href":"https:\/\/api.w.org\/{rel}","templated":true}]}}