{"id":2283,"date":"2019-06-19T11:35:15","date_gmt":"2019-06-19T09:35:15","guid":{"rendered":"https:\/\/www.becker.w15l.t4n.io\/charterlift\/?p=2283"},"modified":"2019-06-19T11:36:54","modified_gmt":"2019-06-19T09:36:54","slug":"klare-entscheidung-nach-harten-wettbewerbsvergleich-in-friedrichshafen","status":"publish","type":"post","link":"https:\/\/www.becker.w15l.t4n.io\/charterlift\/klare-entscheidung-nach-harten-wettbewerbsvergleich-in-friedrichshafen\/","title":{"rendered":"Klare Entscheidung nach harten Wettbewerbsvergleich in Friedrichshafen"},"content":{"rendered":"<p>Nach einem intensivem, umfangreichen Wettbewerbsvergleich hat sich die Stadt Friedrichshafen klar zum Kauf einer Multitel MJ 226 auf IVECO Daily 35S12 entschieden, trotz relativ hohem Kaufpreis.<\/p>\r\n<p>Die wichtigsten Gr\u00fcnde waren die sehr guten Reichweitenwerte bei einseitiger Abst\u00fctzung mit nur einer ausgefahrenen St\u00fctze sowie bei senkrechter Abst\u00fctzung trotz austelekopieren Korbarm. Aber auch die solide Verarbeitung und die einfache, feinf\u00fchlige Steuerung haben auf Anhieb \u00fcberzeugt.<\/p>\r\n<p>In bew\u00e4hrter Manier lieferte Armin Ruhland den Aufbau und Sohn Jannik (IVECO Vertrieb B&amp;R, Ulm) das Fahrgestell.<\/p>\r\n<p><img loading=\"lazy\" class=\"wp-image-2284 alignnone\" src=\"https:\/\/www.becker.w15l.t4n.io\/charterlift\/wp-content\/uploads\/2019\/06\/Freidrichshafen-1.jpg\" alt=\"\" width=\"241\" height=\"380\" srcset=\"https:\/\/www.becker.w15l.t4n.io\/charterlift\/wp-content\/uploads\/2019\/06\/Freidrichshafen-1.jpg 594w, https:\/\/www.becker.w15l.t4n.io\/charterlift\/wp-content\/uploads\/2019\/06\/Freidrichshafen-1-190x300.jpg 190w\" sizes=\"(max-width: 241px) 100vw, 241px\" \/><a href=\"https:\/\/www.becker.w15l.t4n.io\/charterlift\/wp-content\/uploads\/2019\/06\/Freidrichshafen-2.jpg\">\u00a0\u00a0<img loading=\"lazy\" class=\"alignnone  wp-image-2285\" src=\"https:\/\/www.becker.w15l.t4n.io\/charterlift\/wp-content\/uploads\/2019\/06\/Freidrichshafen-2-1024x622.jpg\" alt=\"\" width=\"625\" height=\"379\" srcset=\"https:\/\/www.becker.w15l.t4n.io\/charterlift\/wp-content\/uploads\/2019\/06\/Freidrichshafen-2-1024x622.jpg 1024w, https:\/\/www.becker.w15l.t4n.io\/charterlift\/wp-content\/uploads\/2019\/06\/Freidrichshafen-2-494x300.jpg 494w, https:\/\/www.becker.w15l.t4n.io\/charterlift\/wp-content\/uploads\/2019\/06\/Freidrichshafen-2-300x182.jpg 300w, https:\/\/www.becker.w15l.t4n.io\/charterlift\/wp-content\/uploads\/2019\/06\/Freidrichshafen-2-768x467.jpg 768w, https:\/\/www.becker.w15l.t4n.io\/charterlift\/wp-content\/uploads\/2019\/06\/Freidrichshafen-2.jpg 1537w\" sizes=\"(max-width: 625px) 100vw, 625px\" \/><\/a><\/p>","protected":false},"excerpt":{"rendered":"<p>Nach einem intensivem, umfangreichen Wettbewerbsvergleich hat sich die Stadt Friedrichshafen klar zum Kauf einer Multitel MJ 226 auf IVECO Daily 35S12 entschieden, trotz relativ hohem Kaufpreis. Die wichtigsten Gr\u00fcnde waren die sehr guten Reichweitenwerte bei einseitiger Abst\u00fctzung mit nur einer ausgefahrenen St\u00fctze sowie bei senkrechter Abst\u00fctzung trotz austelekopieren Korbarm. Aber auch die solide Verarbeitung und [&hellip;]<\/p>\n","protected":false},"author":2,"featured_media":2287,"comment_status":"closed","ping_status":"closed","sticky":false,"template":"","format":"standard","meta":[],"categories":[36],"tags":[],"yoast_head":"<!-- This site is optimized with the Yoast SEO plugin v19.6.1 - https:\/\/yoast.com\/wordpress\/plugins\/seo\/ -->\n<title>Klare Entscheidung nach harten Wettbewerbsvergleich in Friedrichshafen - Charter Lift<\/title>\n<meta name=\"robots\" content=\"index, follow, max-snippet:-1, max-image-preview:large, max-video-preview:-1\" \/>\n<link rel=\"canonical\" href=\"https:\/\/www.becker.w15l.t4n.io\/charterlift\/klare-entscheidung-nach-harten-wettbewerbsvergleich-in-friedrichshafen\/\" \/>\n<meta property=\"og:locale\" content=\"de_DE\" \/>\n<meta property=\"og:type\" content=\"article\" \/>\n<meta property=\"og:title\" content=\"Klare Entscheidung nach harten Wettbewerbsvergleich in Friedrichshafen - Charter Lift\" \/>\n<meta property=\"og:description\" content=\"Nach einem intensivem, umfangreichen Wettbewerbsvergleich hat sich die Stadt Friedrichshafen klar zum Kauf einer Multitel MJ 226 auf IVECO Daily 35S12 entschieden, trotz relativ hohem Kaufpreis. Die wichtigsten Gr\u00fcnde waren die sehr guten Reichweitenwerte bei einseitiger Abst\u00fctzung mit nur einer ausgefahrenen St\u00fctze sowie bei senkrechter Abst\u00fctzung trotz austelekopieren Korbarm. Aber auch die solide Verarbeitung und [&hellip;]\" \/>\n<meta property=\"og:url\" content=\"https:\/\/www.becker.w15l.t4n.io\/charterlift\/klare-entscheidung-nach-harten-wettbewerbsvergleich-in-friedrichshafen\/\" \/>\n<meta property=\"og:site_name\" content=\"Charter Lift\" \/>\n<meta property=\"article:published_time\" content=\"2019-06-19T09:35:15+00:00\" \/>\n<meta property=\"article:modified_time\" content=\"2019-06-19T09:36:54+00:00\" \/>\n<meta property=\"og:image\" content=\"https:\/\/www.becker.w15l.t4n.io\/charterlift\/wp-content\/uploads\/2019\/06\/Freidrichshafen-2-Kopie.jpg\" \/>\n\t<meta property=\"og:image:width\" content=\"1177\" \/>\n\t<meta property=\"og:image:height\" content=\"713\" \/>\n\t<meta property=\"og:image:type\" content=\"image\/jpeg\" \/>\n<meta name=\"author\" content=\"charterlift\" \/>\n<meta name=\"twitter:card\" content=\"summary_large_image\" \/>\n<meta name=\"twitter:label1\" content=\"Verfasst von\" \/>\n\t<meta name=\"twitter:data1\" content=\"charterlift\" \/>\n<script type=\"application\/ld+json\" class=\"yoast-schema-graph\">{\"@context\":\"https:\/\/schema.org\",\"@graph\":[{\"@type\":\"Article\",\"@id\":\"https:\/\/www.becker.w15l.t4n.io\/charterlift\/klare-entscheidung-nach-harten-wettbewerbsvergleich-in-friedrichshafen\/#article\",\"isPartOf\":{\"@id\":\"https:\/\/www.becker.w15l.t4n.io\/charterlift\/klare-entscheidung-nach-harten-wettbewerbsvergleich-in-friedrichshafen\/\"},\"author\":{\"name\":\"charterlift\",\"@id\":\"https:\/\/www.becker.w15l.t4n.io\/charterlift\/#\/schema\/person\/688cb6bafa9708bbff86f1d746b6ca13\"},\"headline\":\"Klare Entscheidung nach harten Wettbewerbsvergleich in Friedrichshafen\",\"datePublished\":\"2019-06-19T09:35:15+00:00\",\"dateModified\":\"2019-06-19T09:36:54+00:00\",\"mainEntityOfPage\":{\"@id\":\"https:\/\/www.becker.w15l.t4n.io\/charterlift\/klare-entscheidung-nach-harten-wettbewerbsvergleich-in-friedrichshafen\/\"},\"wordCount\":94,\"publisher\":{\"@id\":\"https:\/\/www.becker.w15l.t4n.io\/charterlift\/#organization\"},\"articleSection\":[\"News\"],\"inLanguage\":\"de\"},{\"@type\":\"WebPage\",\"@id\":\"https:\/\/www.becker.w15l.t4n.io\/charterlift\/klare-entscheidung-nach-harten-wettbewerbsvergleich-in-friedrichshafen\/\",\"url\":\"https:\/\/www.becker.w15l.t4n.io\/charterlift\/klare-entscheidung-nach-harten-wettbewerbsvergleich-in-friedrichshafen\/\",\"name\":\"Klare Entscheidung nach harten Wettbewerbsvergleich in Friedrichshafen - Charter Lift\",\"isPartOf\":{\"@id\":\"https:\/\/www.becker.w15l.t4n.io\/charterlift\/#website\"},\"datePublished\":\"2019-06-19T09:35:15+00:00\",\"dateModified\":\"2019-06-19T09:36:54+00:00\",\"breadcrumb\":{\"@id\":\"https:\/\/www.becker.w15l.t4n.io\/charterlift\/klare-entscheidung-nach-harten-wettbewerbsvergleich-in-friedrichshafen\/#breadcrumb\"},\"inLanguage\":\"de\",\"potentialAction\":[{\"@type\":\"ReadAction\",\"target\":[\"https:\/\/www.becker.w15l.t4n.io\/charterlift\/klare-entscheidung-nach-harten-wettbewerbsvergleich-in-friedrichshafen\/\"]}]},{\"@type\":\"BreadcrumbList\",\"@id\":\"https:\/\/www.becker.w15l.t4n.io\/charterlift\/klare-entscheidung-nach-harten-wettbewerbsvergleich-in-friedrichshafen\/#breadcrumb\",\"itemListElement\":[{\"@type\":\"ListItem\",\"position\":1,\"name\":\"Startseite\",\"item\":\"https:\/\/www.becker.w15l.t4n.io\/charterlift\/\"},{\"@type\":\"ListItem\",\"position\":2,\"name\":\"Klare Entscheidung nach harten Wettbewerbsvergleich in Friedrichshafen\"}]},{\"@type\":\"WebSite\",\"@id\":\"https:\/\/www.becker.w15l.t4n.io\/charterlift\/#website\",\"url\":\"https:\/\/www.becker.w15l.t4n.io\/charterlift\/\",\"name\":\"Charter Lift\",\"description\":\"Systemdienstleister f\u00fcr modernste, mobile Zugangs- und Hebetechnik\",\"publisher\":{\"@id\":\"https:\/\/www.becker.w15l.t4n.io\/charterlift\/#organization\"},\"potentialAction\":[{\"@type\":\"SearchAction\",\"target\":{\"@type\":\"EntryPoint\",\"urlTemplate\":\"https:\/\/www.becker.w15l.t4n.io\/charterlift\/?s={search_term_string}\"},\"query-input\":\"required name=search_term_string\"}],\"inLanguage\":\"de\"},{\"@type\":\"Organization\",\"@id\":\"https:\/\/www.becker.w15l.t4n.io\/charterlift\/#organization\",\"name\":\"CharterLift\",\"url\":\"https:\/\/www.becker.w15l.t4n.io\/charterlift\/\",\"sameAs\":[],\"logo\":{\"@type\":\"ImageObject\",\"inLanguage\":\"de\",\"@id\":\"https:\/\/www.becker.w15l.t4n.io\/charterlift\/#\/schema\/logo\/image\/\",\"url\":\"https:\/\/www.becker.w15l.t4n.io\/charterlift\/wp-content\/uploads\/charterlift-logo.png\",\"contentUrl\":\"https:\/\/www.becker.w15l.t4n.io\/charterlift\/wp-content\/uploads\/charterlift-logo.png\",\"width\":200,\"height\":131,\"caption\":\"CharterLift\"},\"image\":{\"@id\":\"https:\/\/www.becker.w15l.t4n.io\/charterlift\/#\/schema\/logo\/image\/\"}},{\"@type\":\"Person\",\"@id\":\"https:\/\/www.becker.w15l.t4n.io\/charterlift\/#\/schema\/person\/688cb6bafa9708bbff86f1d746b6ca13\",\"name\":\"charterlift\"}]}<\/script>\n<!-- \/ Yoast SEO plugin. -->","yoast_head_json":{"title":"Klare Entscheidung nach harten Wettbewerbsvergleich in Friedrichshafen - Charter Lift","robots":{"index":"index","follow":"follow","max-snippet":"max-snippet:-1","max-image-preview":"max-image-preview:large","max-video-preview":"max-video-preview:-1"},"canonical":"https:\/\/www.becker.w15l.t4n.io\/charterlift\/klare-entscheidung-nach-harten-wettbewerbsvergleich-in-friedrichshafen\/","og_locale":"de_DE","og_type":"article","og_title":"Klare Entscheidung nach harten Wettbewerbsvergleich in Friedrichshafen - Charter Lift","og_description":"Nach einem intensivem, umfangreichen Wettbewerbsvergleich hat sich die Stadt Friedrichshafen klar zum Kauf einer Multitel MJ 226 auf IVECO Daily 35S12 entschieden, trotz relativ hohem Kaufpreis. Die wichtigsten Gr\u00fcnde waren die sehr guten Reichweitenwerte bei einseitiger Abst\u00fctzung mit nur einer ausgefahrenen St\u00fctze sowie bei senkrechter Abst\u00fctzung trotz austelekopieren Korbarm. Aber auch die solide Verarbeitung und [&hellip;]","og_url":"https:\/\/www.becker.w15l.t4n.io\/charterlift\/klare-entscheidung-nach-harten-wettbewerbsvergleich-in-friedrichshafen\/","og_site_name":"Charter Lift","article_published_time":"2019-06-19T09:35:15+00:00","article_modified_time":"2019-06-19T09:36:54+00:00","og_image":[{"width":1177,"height":713,"url":"https:\/\/www.becker.w15l.t4n.io\/charterlift\/wp-content\/uploads\/2019\/06\/Freidrichshafen-2-Kopie.jpg","type":"image\/jpeg"}],"author":"charterlift","twitter_card":"summary_large_image","twitter_misc":{"Verfasst von":"charterlift"},"schema":{"@context":"https:\/\/schema.org","@graph":[{"@type":"Article","@id":"https:\/\/www.becker.w15l.t4n.io\/charterlift\/klare-entscheidung-nach-harten-wettbewerbsvergleich-in-friedrichshafen\/#article","isPartOf":{"@id":"https:\/\/www.becker.w15l.t4n.io\/charterlift\/klare-entscheidung-nach-harten-wettbewerbsvergleich-in-friedrichshafen\/"},"author":{"name":"charterlift","@id":"https:\/\/www.becker.w15l.t4n.io\/charterlift\/#\/schema\/person\/688cb6bafa9708bbff86f1d746b6ca13"},"headline":"Klare Entscheidung nach harten Wettbewerbsvergleich in Friedrichshafen","datePublished":"2019-06-19T09:35:15+00:00","dateModified":"2019-06-19T09:36:54+00:00","mainEntityOfPage":{"@id":"https:\/\/www.becker.w15l.t4n.io\/charterlift\/klare-entscheidung-nach-harten-wettbewerbsvergleich-in-friedrichshafen\/"},"wordCount":94,"publisher":{"@id":"https:\/\/www.becker.w15l.t4n.io\/charterlift\/#organization"},"articleSection":["News"],"inLanguage":"de"},{"@type":"WebPage","@id":"https:\/\/www.becker.w15l.t4n.io\/charterlift\/klare-entscheidung-nach-harten-wettbewerbsvergleich-in-friedrichshafen\/","url":"https:\/\/www.becker.w15l.t4n.io\/charterlift\/klare-entscheidung-nach-harten-wettbewerbsvergleich-in-friedrichshafen\/","name":"Klare Entscheidung nach harten Wettbewerbsvergleich in Friedrichshafen - Charter Lift","isPartOf":{"@id":"https:\/\/www.becker.w15l.t4n.io\/charterlift\/#website"},"datePublished":"2019-06-19T09:35:15+00:00","dateModified":"2019-06-19T09:36:54+00:00","breadcrumb":{"@id":"https:\/\/www.becker.w15l.t4n.io\/charterlift\/klare-entscheidung-nach-harten-wettbewerbsvergleich-in-friedrichshafen\/#breadcrumb"},"inLanguage":"de","potentialAction":[{"@type":"ReadAction","target":["https:\/\/www.becker.w15l.t4n.io\/charterlift\/klare-entscheidung-nach-harten-wettbewerbsvergleich-in-friedrichshafen\/"]}]},{"@type":"BreadcrumbList","@id":"https:\/\/www.becker.w15l.t4n.io\/charterlift\/klare-entscheidung-nach-harten-wettbewerbsvergleich-in-friedrichshafen\/#breadcrumb","itemListElement":[{"@type":"ListItem","position":1,"name":"Startseite","item":"https:\/\/www.becker.w15l.t4n.io\/charterlift\/"},{"@type":"ListItem","position":2,"name":"Klare Entscheidung nach harten Wettbewerbsvergleich in Friedrichshafen"}]},{"@type":"WebSite","@id":"https:\/\/www.becker.w15l.t4n.io\/charterlift\/#website","url":"https:\/\/www.becker.w15l.t4n.io\/charterlift\/","name":"Charter Lift","description":"Systemdienstleister f\u00fcr modernste, mobile Zugangs- und Hebetechnik","publisher":{"@id":"https:\/\/www.becker.w15l.t4n.io\/charterlift\/#organization"},"potentialAction":[{"@type":"SearchAction","target":{"@type":"EntryPoint","urlTemplate":"https:\/\/www.becker.w15l.t4n.io\/charterlift\/?s={search_term_string}"},"query-input":"required name=search_term_string"}],"inLanguage":"de"},{"@type":"Organization","@id":"https:\/\/www.becker.w15l.t4n.io\/charterlift\/#organization","name":"CharterLift","url":"https:\/\/www.becker.w15l.t4n.io\/charterlift\/","sameAs":[],"logo":{"@type":"ImageObject","inLanguage":"de","@id":"https:\/\/www.becker.w15l.t4n.io\/charterlift\/#\/schema\/logo\/image\/","url":"https:\/\/www.becker.w15l.t4n.io\/charterlift\/wp-content\/uploads\/charterlift-logo.png","contentUrl":"https:\/\/www.becker.w15l.t4n.io\/charterlift\/wp-content\/uploads\/charterlift-logo.png","width":200,"height":131,"caption":"CharterLift"},"image":{"@id":"https:\/\/www.becker.w15l.t4n.io\/charterlift\/#\/schema\/logo\/image\/"}},{"@type":"Person","@id":"https:\/\/www.becker.w15l.t4n.io\/charterlift\/#\/schema\/person\/688cb6bafa9708bbff86f1d746b6ca13","name":"charterlift"}]}},"_links":{"self":[{"href":"https:\/\/www.becker.w15l.t4n.io\/charterlift\/wp-json\/wp\/v2\/posts\/2283"}],"collection":[{"href":"https:\/\/www.becker.w15l.t4n.io\/charterlift\/wp-json\/wp\/v2\/posts"}],"about":[{"href":"https:\/\/www.becker.w15l.t4n.io\/charterlift\/wp-json\/wp\/v2\/types\/post"}],"author":[{"embeddable":true,"href":"https:\/\/www.becker.w15l.t4n.io\/charterlift\/wp-json\/wp\/v2\/users\/2"}],"replies":[{"embeddable":true,"href":"https:\/\/www.becker.w15l.t4n.io\/charterlift\/wp-json\/wp\/v2\/comments?post=2283"}],"version-history":[{"count":0,"href":"https:\/\/www.becker.w15l.t4n.io\/charterlift\/wp-json\/wp\/v2\/posts\/2283\/revisions"}],"wp:featuredmedia":[{"embeddable":true,"href":"https:\/\/www.becker.w15l.t4n.io\/charterlift\/wp-json\/wp\/v2\/media\/2287"}],"wp:attachment":[{"href":"https:\/\/www.becker.w15l.t4n.io\/charterlift\/wp-json\/wp\/v2\/media?parent=2283"}],"wp:term":[{"taxonomy":"category","embeddable":true,"href":"https:\/\/www.becker.w15l.t4n.io\/charterlift\/wp-json\/wp\/v2\/categories?post=2283"},{"taxonomy":"post_tag","embeddable":true,"href":"https:\/\/www.becker.w15l.t4n.io\/charterlift\/wp-json\/wp\/v2\/tags?post=2283"}],"curies":[{"name":"wp","href":"https:\/\/api.w.org\/{rel}","templated":true}]}}