{"id":2299,"date":"2019-06-19T11:46:10","date_gmt":"2019-06-19T09:46:10","guid":{"rendered":"https:\/\/www.becker.w15l.t4n.io\/charterlift\/?p=2299"},"modified":"2019-06-19T13:11:28","modified_gmt":"2019-06-19T11:11:28","slug":"green-technologies-klar-gehoert-klubb-mit-der-k-20-in-die-erste-startreihe","status":"publish","type":"post","link":"https:\/\/www.becker.w15l.t4n.io\/charterlift\/green-technologies-klar-gehoert-klubb-mit-der-k-20-in-die-erste-startreihe\/","title":{"rendered":"\u201eGreen Technologies\u201c \u2013 klar geh\u00f6rt CharterLift mit KLUBB in die erste Startreihe"},"content":{"rendered":"<p>The \u201eWAVE\u201c, die gr\u00f6\u00dfte E-Mobil Rallye der Welt wurde in Wangen im Allg\u00e4u gestartet.<\/p>\r\n<p><img loading=\"lazy\" class=\" wp-image-2294 alignnone\" src=\"https:\/\/www.becker.w15l.t4n.io\/charterlift\/wp-content\/uploads\/2019\/06\/Wave-1-1024x611.jpg\" alt=\"\" width=\"671\" height=\"400\" srcset=\"https:\/\/www.becker.w15l.t4n.io\/charterlift\/wp-content\/uploads\/2019\/06\/Wave-1-1024x611.jpg 1024w, https:\/\/www.becker.w15l.t4n.io\/charterlift\/wp-content\/uploads\/2019\/06\/Wave-1-502x300.jpg 502w, https:\/\/www.becker.w15l.t4n.io\/charterlift\/wp-content\/uploads\/2019\/06\/Wave-1-300x179.jpg 300w, https:\/\/www.becker.w15l.t4n.io\/charterlift\/wp-content\/uploads\/2019\/06\/Wave-1-768x459.jpg 768w, https:\/\/www.becker.w15l.t4n.io\/charterlift\/wp-content\/uploads\/2019\/06\/Wave-1.jpg 1385w\" sizes=\"(max-width: 671px) 100vw, 671px\" \/><\/p>\r\n<p>Mit dabei und das technische Highlight am Starttag war die 100% emissionsfreie Hubb\u00fchne <strong>K20 <\/strong>von <strong>KLUBB<\/strong>auf NISSAN E-NV 200.<\/p>\r\n<p><img loading=\"lazy\" class=\" wp-image-2295 alignnone\" src=\"https:\/\/www.becker.w15l.t4n.io\/charterlift\/wp-content\/uploads\/2019\/06\/Wave-2-1024x576.jpg\" alt=\"\" width=\"673\" height=\"379\" srcset=\"https:\/\/www.becker.w15l.t4n.io\/charterlift\/wp-content\/uploads\/2019\/06\/Wave-2-1024x576.jpg 1024w, https:\/\/www.becker.w15l.t4n.io\/charterlift\/wp-content\/uploads\/2019\/06\/Wave-2-533x300.jpg 533w, https:\/\/www.becker.w15l.t4n.io\/charterlift\/wp-content\/uploads\/2019\/06\/Wave-2-300x169.jpg 300w, https:\/\/www.becker.w15l.t4n.io\/charterlift\/wp-content\/uploads\/2019\/06\/Wave-2-768x432.jpg 768w, https:\/\/www.becker.w15l.t4n.io\/charterlift\/wp-content\/uploads\/2019\/06\/Wave-2.jpg 1385w\" sizes=\"(max-width: 673px) 100vw, 673px\" \/><\/p>\r\n<p>Der OB der Stadt Wangen, Herr Lang, erkl\u00e4r dem Veranstalter und Tour Direktor Lois Palmer die technischen Vorz\u00fcge der umweltfreundlichen Hubb\u00fchne von <strong>\u00a0KLUBB K 20<\/strong>, nachdem dieser zuvor von Armin Ruhland instruiert wurde.<\/p>\r\n<p>Leider nicht im Bild die ca. 200 interessierten B\u00fcrger und fast 80 E-Fahrzeuge die auf die Startfreigabe warteten.<\/p>\r\n<p>\u00a0<img loading=\"lazy\" class=\"wp-image-2297 alignnone\" src=\"https:\/\/www.becker.w15l.t4n.io\/charterlift\/wp-content\/uploads\/2019\/06\/Wave-3-1024x576.jpg\" alt=\"\" width=\"672\" height=\"378\" srcset=\"https:\/\/www.becker.w15l.t4n.io\/charterlift\/wp-content\/uploads\/2019\/06\/Wave-3-1024x576.jpg 1024w, https:\/\/www.becker.w15l.t4n.io\/charterlift\/wp-content\/uploads\/2019\/06\/Wave-3-533x300.jpg 533w, https:\/\/www.becker.w15l.t4n.io\/charterlift\/wp-content\/uploads\/2019\/06\/Wave-3-300x169.jpg 300w, https:\/\/www.becker.w15l.t4n.io\/charterlift\/wp-content\/uploads\/2019\/06\/Wave-3-768x432.jpg 768w, https:\/\/www.becker.w15l.t4n.io\/charterlift\/wp-content\/uploads\/2019\/06\/Wave-3.jpg 1386w\" sizes=\"(max-width: 672px) 100vw, 672px\" \/><\/p>","protected":false},"excerpt":{"rendered":"<p>The \u201eWAVE\u201c, die gr\u00f6\u00dfte E-Mobil Rallye der Welt wurde in Wangen im Allg\u00e4u gestartet. Mit dabei und das technische Highlight am Starttag war die 100% emissionsfreie Hubb\u00fchne K20 von KLUBBauf NISSAN E-NV 200. Der OB der Stadt Wangen, Herr Lang, erkl\u00e4r dem Veranstalter und Tour Direktor Lois Palmer die technischen Vorz\u00fcge der umweltfreundlichen Hubb\u00fchne von [&hellip;]<\/p>\n","protected":false},"author":2,"featured_media":2294,"comment_status":"closed","ping_status":"closed","sticky":false,"template":"","format":"standard","meta":[],"categories":[36],"tags":[],"yoast_head":"<!-- This site is optimized with the Yoast SEO plugin v19.6.1 - https:\/\/yoast.com\/wordpress\/plugins\/seo\/ -->\n<title>\u201eGreen Technologies\u201c \u2013 klar geh\u00f6rt CharterLift mit KLUBB in die erste Startreihe - Charter Lift<\/title>\n<meta name=\"robots\" content=\"index, follow, max-snippet:-1, max-image-preview:large, max-video-preview:-1\" \/>\n<link rel=\"canonical\" href=\"https:\/\/www.becker.w15l.t4n.io\/charterlift\/green-technologies-klar-gehoert-klubb-mit-der-k-20-in-die-erste-startreihe\/\" \/>\n<meta property=\"og:locale\" content=\"de_DE\" \/>\n<meta property=\"og:type\" content=\"article\" \/>\n<meta property=\"og:title\" content=\"\u201eGreen Technologies\u201c \u2013 klar geh\u00f6rt CharterLift mit KLUBB in die erste Startreihe - Charter Lift\" \/>\n<meta property=\"og:description\" content=\"The \u201eWAVE\u201c, die gr\u00f6\u00dfte E-Mobil Rallye der Welt wurde in Wangen im Allg\u00e4u gestartet. Mit dabei und das technische Highlight am Starttag war die 100% emissionsfreie Hubb\u00fchne K20 von KLUBBauf NISSAN E-NV 200. Der OB der Stadt Wangen, Herr Lang, erkl\u00e4r dem Veranstalter und Tour Direktor Lois Palmer die technischen Vorz\u00fcge der umweltfreundlichen Hubb\u00fchne von [&hellip;]\" \/>\n<meta property=\"og:url\" content=\"https:\/\/www.becker.w15l.t4n.io\/charterlift\/green-technologies-klar-gehoert-klubb-mit-der-k-20-in-die-erste-startreihe\/\" \/>\n<meta property=\"og:site_name\" content=\"Charter Lift\" \/>\n<meta property=\"article:published_time\" content=\"2019-06-19T09:46:10+00:00\" \/>\n<meta property=\"article:modified_time\" content=\"2019-06-19T11:11:28+00:00\" \/>\n<meta property=\"og:image\" content=\"https:\/\/www.becker.w15l.t4n.io\/charterlift\/wp-content\/uploads\/2019\/06\/Wave-1.jpg\" \/>\n\t<meta property=\"og:image:width\" content=\"1385\" \/>\n\t<meta property=\"og:image:height\" content=\"827\" \/>\n\t<meta property=\"og:image:type\" content=\"image\/jpeg\" \/>\n<meta name=\"author\" content=\"charterlift\" \/>\n<meta name=\"twitter:card\" content=\"summary_large_image\" \/>\n<meta name=\"twitter:label1\" content=\"Verfasst von\" \/>\n\t<meta name=\"twitter:data1\" content=\"charterlift\" \/>\n<script type=\"application\/ld+json\" class=\"yoast-schema-graph\">{\"@context\":\"https:\/\/schema.org\",\"@graph\":[{\"@type\":\"Article\",\"@id\":\"https:\/\/www.becker.w15l.t4n.io\/charterlift\/green-technologies-klar-gehoert-klubb-mit-der-k-20-in-die-erste-startreihe\/#article\",\"isPartOf\":{\"@id\":\"https:\/\/www.becker.w15l.t4n.io\/charterlift\/green-technologies-klar-gehoert-klubb-mit-der-k-20-in-die-erste-startreihe\/\"},\"author\":{\"name\":\"charterlift\",\"@id\":\"https:\/\/www.becker.w15l.t4n.io\/charterlift\/#\/schema\/person\/688cb6bafa9708bbff86f1d746b6ca13\"},\"headline\":\"\u201eGreen Technologies\u201c \u2013 klar geh\u00f6rt CharterLift mit KLUBB in die erste Startreihe\",\"datePublished\":\"2019-06-19T09:46:10+00:00\",\"dateModified\":\"2019-06-19T11:11:28+00:00\",\"mainEntityOfPage\":{\"@id\":\"https:\/\/www.becker.w15l.t4n.io\/charterlift\/green-technologies-klar-gehoert-klubb-mit-der-k-20-in-die-erste-startreihe\/\"},\"wordCount\":98,\"publisher\":{\"@id\":\"https:\/\/www.becker.w15l.t4n.io\/charterlift\/#organization\"},\"articleSection\":[\"News\"],\"inLanguage\":\"de\"},{\"@type\":\"WebPage\",\"@id\":\"https:\/\/www.becker.w15l.t4n.io\/charterlift\/green-technologies-klar-gehoert-klubb-mit-der-k-20-in-die-erste-startreihe\/\",\"url\":\"https:\/\/www.becker.w15l.t4n.io\/charterlift\/green-technologies-klar-gehoert-klubb-mit-der-k-20-in-die-erste-startreihe\/\",\"name\":\"\u201eGreen Technologies\u201c \u2013 klar geh\u00f6rt CharterLift mit KLUBB in die erste Startreihe - Charter Lift\",\"isPartOf\":{\"@id\":\"https:\/\/www.becker.w15l.t4n.io\/charterlift\/#website\"},\"datePublished\":\"2019-06-19T09:46:10+00:00\",\"dateModified\":\"2019-06-19T11:11:28+00:00\",\"breadcrumb\":{\"@id\":\"https:\/\/www.becker.w15l.t4n.io\/charterlift\/green-technologies-klar-gehoert-klubb-mit-der-k-20-in-die-erste-startreihe\/#breadcrumb\"},\"inLanguage\":\"de\",\"potentialAction\":[{\"@type\":\"ReadAction\",\"target\":[\"https:\/\/www.becker.w15l.t4n.io\/charterlift\/green-technologies-klar-gehoert-klubb-mit-der-k-20-in-die-erste-startreihe\/\"]}]},{\"@type\":\"BreadcrumbList\",\"@id\":\"https:\/\/www.becker.w15l.t4n.io\/charterlift\/green-technologies-klar-gehoert-klubb-mit-der-k-20-in-die-erste-startreihe\/#breadcrumb\",\"itemListElement\":[{\"@type\":\"ListItem\",\"position\":1,\"name\":\"Startseite\",\"item\":\"https:\/\/www.becker.w15l.t4n.io\/charterlift\/\"},{\"@type\":\"ListItem\",\"position\":2,\"name\":\"\u201eGreen Technologies\u201c \u2013 klar geh\u00f6rt CharterLift mit KLUBB in die erste Startreihe\"}]},{\"@type\":\"WebSite\",\"@id\":\"https:\/\/www.becker.w15l.t4n.io\/charterlift\/#website\",\"url\":\"https:\/\/www.becker.w15l.t4n.io\/charterlift\/\",\"name\":\"Charter Lift\",\"description\":\"Systemdienstleister f\u00fcr modernste, mobile Zugangs- und Hebetechnik\",\"publisher\":{\"@id\":\"https:\/\/www.becker.w15l.t4n.io\/charterlift\/#organization\"},\"potentialAction\":[{\"@type\":\"SearchAction\",\"target\":{\"@type\":\"EntryPoint\",\"urlTemplate\":\"https:\/\/www.becker.w15l.t4n.io\/charterlift\/?s={search_term_string}\"},\"query-input\":\"required name=search_term_string\"}],\"inLanguage\":\"de\"},{\"@type\":\"Organization\",\"@id\":\"https:\/\/www.becker.w15l.t4n.io\/charterlift\/#organization\",\"name\":\"CharterLift\",\"url\":\"https:\/\/www.becker.w15l.t4n.io\/charterlift\/\",\"sameAs\":[],\"logo\":{\"@type\":\"ImageObject\",\"inLanguage\":\"de\",\"@id\":\"https:\/\/www.becker.w15l.t4n.io\/charterlift\/#\/schema\/logo\/image\/\",\"url\":\"https:\/\/www.becker.w15l.t4n.io\/charterlift\/wp-content\/uploads\/charterlift-logo.png\",\"contentUrl\":\"https:\/\/www.becker.w15l.t4n.io\/charterlift\/wp-content\/uploads\/charterlift-logo.png\",\"width\":200,\"height\":131,\"caption\":\"CharterLift\"},\"image\":{\"@id\":\"https:\/\/www.becker.w15l.t4n.io\/charterlift\/#\/schema\/logo\/image\/\"}},{\"@type\":\"Person\",\"@id\":\"https:\/\/www.becker.w15l.t4n.io\/charterlift\/#\/schema\/person\/688cb6bafa9708bbff86f1d746b6ca13\",\"name\":\"charterlift\"}]}<\/script>\n<!-- \/ Yoast SEO plugin. -->","yoast_head_json":{"title":"\u201eGreen Technologies\u201c \u2013 klar geh\u00f6rt CharterLift mit KLUBB in die erste Startreihe - Charter Lift","robots":{"index":"index","follow":"follow","max-snippet":"max-snippet:-1","max-image-preview":"max-image-preview:large","max-video-preview":"max-video-preview:-1"},"canonical":"https:\/\/www.becker.w15l.t4n.io\/charterlift\/green-technologies-klar-gehoert-klubb-mit-der-k-20-in-die-erste-startreihe\/","og_locale":"de_DE","og_type":"article","og_title":"\u201eGreen Technologies\u201c \u2013 klar geh\u00f6rt CharterLift mit KLUBB in die erste Startreihe - Charter Lift","og_description":"The \u201eWAVE\u201c, die gr\u00f6\u00dfte E-Mobil Rallye der Welt wurde in Wangen im Allg\u00e4u gestartet. Mit dabei und das technische Highlight am Starttag war die 100% emissionsfreie Hubb\u00fchne K20 von KLUBBauf NISSAN E-NV 200. Der OB der Stadt Wangen, Herr Lang, erkl\u00e4r dem Veranstalter und Tour Direktor Lois Palmer die technischen Vorz\u00fcge der umweltfreundlichen Hubb\u00fchne von [&hellip;]","og_url":"https:\/\/www.becker.w15l.t4n.io\/charterlift\/green-technologies-klar-gehoert-klubb-mit-der-k-20-in-die-erste-startreihe\/","og_site_name":"Charter Lift","article_published_time":"2019-06-19T09:46:10+00:00","article_modified_time":"2019-06-19T11:11:28+00:00","og_image":[{"width":1385,"height":827,"url":"https:\/\/www.becker.w15l.t4n.io\/charterlift\/wp-content\/uploads\/2019\/06\/Wave-1.jpg","type":"image\/jpeg"}],"author":"charterlift","twitter_card":"summary_large_image","twitter_misc":{"Verfasst von":"charterlift"},"schema":{"@context":"https:\/\/schema.org","@graph":[{"@type":"Article","@id":"https:\/\/www.becker.w15l.t4n.io\/charterlift\/green-technologies-klar-gehoert-klubb-mit-der-k-20-in-die-erste-startreihe\/#article","isPartOf":{"@id":"https:\/\/www.becker.w15l.t4n.io\/charterlift\/green-technologies-klar-gehoert-klubb-mit-der-k-20-in-die-erste-startreihe\/"},"author":{"name":"charterlift","@id":"https:\/\/www.becker.w15l.t4n.io\/charterlift\/#\/schema\/person\/688cb6bafa9708bbff86f1d746b6ca13"},"headline":"\u201eGreen Technologies\u201c \u2013 klar geh\u00f6rt CharterLift mit KLUBB in die erste Startreihe","datePublished":"2019-06-19T09:46:10+00:00","dateModified":"2019-06-19T11:11:28+00:00","mainEntityOfPage":{"@id":"https:\/\/www.becker.w15l.t4n.io\/charterlift\/green-technologies-klar-gehoert-klubb-mit-der-k-20-in-die-erste-startreihe\/"},"wordCount":98,"publisher":{"@id":"https:\/\/www.becker.w15l.t4n.io\/charterlift\/#organization"},"articleSection":["News"],"inLanguage":"de"},{"@type":"WebPage","@id":"https:\/\/www.becker.w15l.t4n.io\/charterlift\/green-technologies-klar-gehoert-klubb-mit-der-k-20-in-die-erste-startreihe\/","url":"https:\/\/www.becker.w15l.t4n.io\/charterlift\/green-technologies-klar-gehoert-klubb-mit-der-k-20-in-die-erste-startreihe\/","name":"\u201eGreen Technologies\u201c \u2013 klar geh\u00f6rt CharterLift mit KLUBB in die erste Startreihe - Charter Lift","isPartOf":{"@id":"https:\/\/www.becker.w15l.t4n.io\/charterlift\/#website"},"datePublished":"2019-06-19T09:46:10+00:00","dateModified":"2019-06-19T11:11:28+00:00","breadcrumb":{"@id":"https:\/\/www.becker.w15l.t4n.io\/charterlift\/green-technologies-klar-gehoert-klubb-mit-der-k-20-in-die-erste-startreihe\/#breadcrumb"},"inLanguage":"de","potentialAction":[{"@type":"ReadAction","target":["https:\/\/www.becker.w15l.t4n.io\/charterlift\/green-technologies-klar-gehoert-klubb-mit-der-k-20-in-die-erste-startreihe\/"]}]},{"@type":"BreadcrumbList","@id":"https:\/\/www.becker.w15l.t4n.io\/charterlift\/green-technologies-klar-gehoert-klubb-mit-der-k-20-in-die-erste-startreihe\/#breadcrumb","itemListElement":[{"@type":"ListItem","position":1,"name":"Startseite","item":"https:\/\/www.becker.w15l.t4n.io\/charterlift\/"},{"@type":"ListItem","position":2,"name":"\u201eGreen Technologies\u201c \u2013 klar geh\u00f6rt CharterLift mit KLUBB in die erste Startreihe"}]},{"@type":"WebSite","@id":"https:\/\/www.becker.w15l.t4n.io\/charterlift\/#website","url":"https:\/\/www.becker.w15l.t4n.io\/charterlift\/","name":"Charter Lift","description":"Systemdienstleister f\u00fcr modernste, mobile Zugangs- und Hebetechnik","publisher":{"@id":"https:\/\/www.becker.w15l.t4n.io\/charterlift\/#organization"},"potentialAction":[{"@type":"SearchAction","target":{"@type":"EntryPoint","urlTemplate":"https:\/\/www.becker.w15l.t4n.io\/charterlift\/?s={search_term_string}"},"query-input":"required name=search_term_string"}],"inLanguage":"de"},{"@type":"Organization","@id":"https:\/\/www.becker.w15l.t4n.io\/charterlift\/#organization","name":"CharterLift","url":"https:\/\/www.becker.w15l.t4n.io\/charterlift\/","sameAs":[],"logo":{"@type":"ImageObject","inLanguage":"de","@id":"https:\/\/www.becker.w15l.t4n.io\/charterlift\/#\/schema\/logo\/image\/","url":"https:\/\/www.becker.w15l.t4n.io\/charterlift\/wp-content\/uploads\/charterlift-logo.png","contentUrl":"https:\/\/www.becker.w15l.t4n.io\/charterlift\/wp-content\/uploads\/charterlift-logo.png","width":200,"height":131,"caption":"CharterLift"},"image":{"@id":"https:\/\/www.becker.w15l.t4n.io\/charterlift\/#\/schema\/logo\/image\/"}},{"@type":"Person","@id":"https:\/\/www.becker.w15l.t4n.io\/charterlift\/#\/schema\/person\/688cb6bafa9708bbff86f1d746b6ca13","name":"charterlift"}]}},"_links":{"self":[{"href":"https:\/\/www.becker.w15l.t4n.io\/charterlift\/wp-json\/wp\/v2\/posts\/2299"}],"collection":[{"href":"https:\/\/www.becker.w15l.t4n.io\/charterlift\/wp-json\/wp\/v2\/posts"}],"about":[{"href":"https:\/\/www.becker.w15l.t4n.io\/charterlift\/wp-json\/wp\/v2\/types\/post"}],"author":[{"embeddable":true,"href":"https:\/\/www.becker.w15l.t4n.io\/charterlift\/wp-json\/wp\/v2\/users\/2"}],"replies":[{"embeddable":true,"href":"https:\/\/www.becker.w15l.t4n.io\/charterlift\/wp-json\/wp\/v2\/comments?post=2299"}],"version-history":[{"count":0,"href":"https:\/\/www.becker.w15l.t4n.io\/charterlift\/wp-json\/wp\/v2\/posts\/2299\/revisions"}],"wp:featuredmedia":[{"embeddable":true,"href":"https:\/\/www.becker.w15l.t4n.io\/charterlift\/wp-json\/wp\/v2\/media\/2294"}],"wp:attachment":[{"href":"https:\/\/www.becker.w15l.t4n.io\/charterlift\/wp-json\/wp\/v2\/media?parent=2299"}],"wp:term":[{"taxonomy":"category","embeddable":true,"href":"https:\/\/www.becker.w15l.t4n.io\/charterlift\/wp-json\/wp\/v2\/categories?post=2299"},{"taxonomy":"post_tag","embeddable":true,"href":"https:\/\/www.becker.w15l.t4n.io\/charterlift\/wp-json\/wp\/v2\/tags?post=2299"}],"curies":[{"name":"wp","href":"https:\/\/api.w.org\/{rel}","templated":true}]}}