{"id":2337,"date":"2019-11-25T09:39:26","date_gmt":"2019-11-25T08:39:26","guid":{"rendered":"https:\/\/www.becker.w15l.t4n.io\/charterlift\/?p=2337"},"modified":"2020-01-13T09:20:43","modified_gmt":"2020-01-13T08:20:43","slug":"auch-wandlitz-hat-sich-fuer-das-premiumprodukt-multitel-entschieden","status":"publish","type":"post","link":"https:\/\/www.becker.w15l.t4n.io\/charterlift\/auch-wandlitz-hat-sich-fuer-das-premiumprodukt-multitel-entschieden\/","title":{"rendered":"Auch Wandlitz hat sich f\u00fcr das Premiumprodukt Multitel entschieden"},"content":{"rendered":"<p style=\"text-align: justify;\"><span style=\"color: #000000; font-family: Calibri;\">Mit tatkr\u00e4ftiger Unterst\u00fctzung unseres Partner AVS Dummer konnte <i><strong>CharterLift<\/strong> <\/i>eine weitere Multitel MJ 226 in Kommunalausf\u00fchrung n\u00f6rdlich von Berlin ausliefern. Schon w\u00e4hrend der Beschaffungsphase half die gro\u00dfe Fach- und Ger\u00e4tekenntnis von J\u00f6rg Dummer den Mitarbeitern der Stadt Wandlitz das passende Ger\u00e4te zu finden. Vor allem der telekopierbare Korbarm und die volle Arbeitsh\u00f6he, trotz senkrechter Abst\u00fctzung und voller Korblast haben wieder einmal \u00fcberzeugt. Aufgebaut auf einen IVECO 35-12 wurde die MJ 226 termingerecht geliefert und in gro\u00dfer Runde in die Technik eingewiesen. <\/span><\/p>\r\n<p><img loading=\"lazy\" class=\"alignnone  wp-image-2339\" src=\"https:\/\/www.becker.w15l.t4n.io\/charterlift\/wp-content\/uploads\/2019\/11\/20191016_093959-1024x576.jpg\" alt=\"\" width=\"599\" height=\"337\" srcset=\"https:\/\/www.becker.w15l.t4n.io\/charterlift\/wp-content\/uploads\/2019\/11\/20191016_093959-1024x576.jpg 1024w, https:\/\/www.becker.w15l.t4n.io\/charterlift\/wp-content\/uploads\/2019\/11\/20191016_093959-300x169.jpg 300w, https:\/\/www.becker.w15l.t4n.io\/charterlift\/wp-content\/uploads\/2019\/11\/20191016_093959-533x300.jpg 533w, https:\/\/www.becker.w15l.t4n.io\/charterlift\/wp-content\/uploads\/2019\/11\/20191016_093959-768x432.jpg 768w, https:\/\/www.becker.w15l.t4n.io\/charterlift\/wp-content\/uploads\/2019\/11\/20191016_093959-1536x864.jpg 1536w, https:\/\/www.becker.w15l.t4n.io\/charterlift\/wp-content\/uploads\/2019\/11\/20191016_093959-2048x1152.jpg 2048w\" sizes=\"(max-width: 599px) 100vw, 599px\" \/>\u00a0\u00a0\u00a0 <img loading=\"lazy\" class=\"alignnone  wp-image-2338\" src=\"https:\/\/www.becker.w15l.t4n.io\/charterlift\/wp-content\/uploads\/2019\/11\/IMG_8853-780x1024.jpg\" alt=\"\" width=\"255\" height=\"335\" srcset=\"https:\/\/www.becker.w15l.t4n.io\/charterlift\/wp-content\/uploads\/2019\/11\/IMG_8853-780x1024.jpg 780w, https:\/\/www.becker.w15l.t4n.io\/charterlift\/wp-content\/uploads\/2019\/11\/IMG_8853-228x300.jpg 228w, https:\/\/www.becker.w15l.t4n.io\/charterlift\/wp-content\/uploads\/2019\/11\/IMG_8853-768x1009.jpg 768w, https:\/\/www.becker.w15l.t4n.io\/charterlift\/wp-content\/uploads\/2019\/11\/IMG_8853-1170x1536.jpg 1170w, https:\/\/www.becker.w15l.t4n.io\/charterlift\/wp-content\/uploads\/2019\/11\/IMG_8853.jpg 1468w\" sizes=\"(max-width: 255px) 100vw, 255px\" \/><\/p>\r\n<p>&nbsp;<\/p>","protected":false},"excerpt":{"rendered":"<p>Mit tatkr\u00e4ftiger Unterst\u00fctzung unseres Partner AVS Dummer konnte CharterLift eine weitere Multitel MJ 226 in Kommunalausf\u00fchrung n\u00f6rdlich von Berlin ausliefern. Schon w\u00e4hrend der Beschaffungsphase half die gro\u00dfe Fach- und Ger\u00e4tekenntnis von J\u00f6rg Dummer den Mitarbeitern der Stadt Wandlitz das passende Ger\u00e4te zu finden. Vor allem der telekopierbare Korbarm und die volle Arbeitsh\u00f6he, trotz senkrechter Abst\u00fctzung [&hellip;]<\/p>\n","protected":false},"author":2,"featured_media":2340,"comment_status":"closed","ping_status":"closed","sticky":false,"template":"","format":"standard","meta":[],"categories":[36],"tags":[],"yoast_head":"<!-- This site is optimized with the Yoast SEO plugin v19.6.1 - https:\/\/yoast.com\/wordpress\/plugins\/seo\/ -->\n<title>Auch Wandlitz hat sich f\u00fcr das Premiumprodukt Multitel entschieden - Charter Lift<\/title>\n<meta name=\"robots\" content=\"index, follow, max-snippet:-1, max-image-preview:large, max-video-preview:-1\" \/>\n<link rel=\"canonical\" href=\"https:\/\/www.becker.w15l.t4n.io\/charterlift\/auch-wandlitz-hat-sich-fuer-das-premiumprodukt-multitel-entschieden\/\" \/>\n<meta property=\"og:locale\" content=\"de_DE\" \/>\n<meta property=\"og:type\" content=\"article\" \/>\n<meta property=\"og:title\" content=\"Auch Wandlitz hat sich f\u00fcr das Premiumprodukt Multitel entschieden - Charter Lift\" \/>\n<meta property=\"og:description\" content=\"Mit tatkr\u00e4ftiger Unterst\u00fctzung unseres Partner AVS Dummer konnte CharterLift eine weitere Multitel MJ 226 in Kommunalausf\u00fchrung n\u00f6rdlich von Berlin ausliefern. Schon w\u00e4hrend der Beschaffungsphase half die gro\u00dfe Fach- und Ger\u00e4tekenntnis von J\u00f6rg Dummer den Mitarbeitern der Stadt Wandlitz das passende Ger\u00e4te zu finden. Vor allem der telekopierbare Korbarm und die volle Arbeitsh\u00f6he, trotz senkrechter Abst\u00fctzung [&hellip;]\" \/>\n<meta property=\"og:url\" content=\"https:\/\/www.becker.w15l.t4n.io\/charterlift\/auch-wandlitz-hat-sich-fuer-das-premiumprodukt-multitel-entschieden\/\" \/>\n<meta property=\"og:site_name\" content=\"Charter Lift\" \/>\n<meta property=\"article:published_time\" content=\"2019-11-25T08:39:26+00:00\" \/>\n<meta property=\"article:modified_time\" content=\"2020-01-13T08:20:43+00:00\" \/>\n<meta property=\"og:image\" content=\"https:\/\/www.becker.w15l.t4n.io\/charterlift\/wp-content\/uploads\/2019\/11\/20191014_130202-scaled.jpg\" \/>\n\t<meta property=\"og:image:width\" content=\"2560\" \/>\n\t<meta property=\"og:image:height\" content=\"1440\" \/>\n\t<meta property=\"og:image:type\" content=\"image\/jpeg\" \/>\n<meta name=\"author\" content=\"charterlift\" \/>\n<meta name=\"twitter:card\" content=\"summary_large_image\" \/>\n<meta name=\"twitter:label1\" content=\"Verfasst von\" \/>\n\t<meta name=\"twitter:data1\" content=\"charterlift\" \/>\n<script type=\"application\/ld+json\" class=\"yoast-schema-graph\">{\"@context\":\"https:\/\/schema.org\",\"@graph\":[{\"@type\":\"Article\",\"@id\":\"https:\/\/www.becker.w15l.t4n.io\/charterlift\/auch-wandlitz-hat-sich-fuer-das-premiumprodukt-multitel-entschieden\/#article\",\"isPartOf\":{\"@id\":\"https:\/\/www.becker.w15l.t4n.io\/charterlift\/auch-wandlitz-hat-sich-fuer-das-premiumprodukt-multitel-entschieden\/\"},\"author\":{\"name\":\"charterlift\",\"@id\":\"https:\/\/www.becker.w15l.t4n.io\/charterlift\/#\/schema\/person\/688cb6bafa9708bbff86f1d746b6ca13\"},\"headline\":\"Auch Wandlitz hat sich f\u00fcr das Premiumprodukt Multitel entschieden\",\"datePublished\":\"2019-11-25T08:39:26+00:00\",\"dateModified\":\"2020-01-13T08:20:43+00:00\",\"mainEntityOfPage\":{\"@id\":\"https:\/\/www.becker.w15l.t4n.io\/charterlift\/auch-wandlitz-hat-sich-fuer-das-premiumprodukt-multitel-entschieden\/\"},\"wordCount\":102,\"publisher\":{\"@id\":\"https:\/\/www.becker.w15l.t4n.io\/charterlift\/#organization\"},\"articleSection\":[\"News\"],\"inLanguage\":\"de\"},{\"@type\":\"WebPage\",\"@id\":\"https:\/\/www.becker.w15l.t4n.io\/charterlift\/auch-wandlitz-hat-sich-fuer-das-premiumprodukt-multitel-entschieden\/\",\"url\":\"https:\/\/www.becker.w15l.t4n.io\/charterlift\/auch-wandlitz-hat-sich-fuer-das-premiumprodukt-multitel-entschieden\/\",\"name\":\"Auch Wandlitz hat sich f\u00fcr das Premiumprodukt Multitel entschieden - Charter Lift\",\"isPartOf\":{\"@id\":\"https:\/\/www.becker.w15l.t4n.io\/charterlift\/#website\"},\"datePublished\":\"2019-11-25T08:39:26+00:00\",\"dateModified\":\"2020-01-13T08:20:43+00:00\",\"breadcrumb\":{\"@id\":\"https:\/\/www.becker.w15l.t4n.io\/charterlift\/auch-wandlitz-hat-sich-fuer-das-premiumprodukt-multitel-entschieden\/#breadcrumb\"},\"inLanguage\":\"de\",\"potentialAction\":[{\"@type\":\"ReadAction\",\"target\":[\"https:\/\/www.becker.w15l.t4n.io\/charterlift\/auch-wandlitz-hat-sich-fuer-das-premiumprodukt-multitel-entschieden\/\"]}]},{\"@type\":\"BreadcrumbList\",\"@id\":\"https:\/\/www.becker.w15l.t4n.io\/charterlift\/auch-wandlitz-hat-sich-fuer-das-premiumprodukt-multitel-entschieden\/#breadcrumb\",\"itemListElement\":[{\"@type\":\"ListItem\",\"position\":1,\"name\":\"Startseite\",\"item\":\"https:\/\/www.becker.w15l.t4n.io\/charterlift\/\"},{\"@type\":\"ListItem\",\"position\":2,\"name\":\"Auch Wandlitz hat sich f\u00fcr das Premiumprodukt Multitel entschieden\"}]},{\"@type\":\"WebSite\",\"@id\":\"https:\/\/www.becker.w15l.t4n.io\/charterlift\/#website\",\"url\":\"https:\/\/www.becker.w15l.t4n.io\/charterlift\/\",\"name\":\"Charter Lift\",\"description\":\"Systemdienstleister f\u00fcr modernste, mobile Zugangs- und Hebetechnik\",\"publisher\":{\"@id\":\"https:\/\/www.becker.w15l.t4n.io\/charterlift\/#organization\"},\"potentialAction\":[{\"@type\":\"SearchAction\",\"target\":{\"@type\":\"EntryPoint\",\"urlTemplate\":\"https:\/\/www.becker.w15l.t4n.io\/charterlift\/?s={search_term_string}\"},\"query-input\":\"required name=search_term_string\"}],\"inLanguage\":\"de\"},{\"@type\":\"Organization\",\"@id\":\"https:\/\/www.becker.w15l.t4n.io\/charterlift\/#organization\",\"name\":\"CharterLift\",\"url\":\"https:\/\/www.becker.w15l.t4n.io\/charterlift\/\",\"sameAs\":[],\"logo\":{\"@type\":\"ImageObject\",\"inLanguage\":\"de\",\"@id\":\"https:\/\/www.becker.w15l.t4n.io\/charterlift\/#\/schema\/logo\/image\/\",\"url\":\"https:\/\/www.becker.w15l.t4n.io\/charterlift\/wp-content\/uploads\/charterlift-logo.png\",\"contentUrl\":\"https:\/\/www.becker.w15l.t4n.io\/charterlift\/wp-content\/uploads\/charterlift-logo.png\",\"width\":200,\"height\":131,\"caption\":\"CharterLift\"},\"image\":{\"@id\":\"https:\/\/www.becker.w15l.t4n.io\/charterlift\/#\/schema\/logo\/image\/\"}},{\"@type\":\"Person\",\"@id\":\"https:\/\/www.becker.w15l.t4n.io\/charterlift\/#\/schema\/person\/688cb6bafa9708bbff86f1d746b6ca13\",\"name\":\"charterlift\"}]}<\/script>\n<!-- \/ Yoast SEO plugin. -->","yoast_head_json":{"title":"Auch Wandlitz hat sich f\u00fcr das Premiumprodukt Multitel entschieden - Charter Lift","robots":{"index":"index","follow":"follow","max-snippet":"max-snippet:-1","max-image-preview":"max-image-preview:large","max-video-preview":"max-video-preview:-1"},"canonical":"https:\/\/www.becker.w15l.t4n.io\/charterlift\/auch-wandlitz-hat-sich-fuer-das-premiumprodukt-multitel-entschieden\/","og_locale":"de_DE","og_type":"article","og_title":"Auch Wandlitz hat sich f\u00fcr das Premiumprodukt Multitel entschieden - Charter Lift","og_description":"Mit tatkr\u00e4ftiger Unterst\u00fctzung unseres Partner AVS Dummer konnte CharterLift eine weitere Multitel MJ 226 in Kommunalausf\u00fchrung n\u00f6rdlich von Berlin ausliefern. Schon w\u00e4hrend der Beschaffungsphase half die gro\u00dfe Fach- und Ger\u00e4tekenntnis von J\u00f6rg Dummer den Mitarbeitern der Stadt Wandlitz das passende Ger\u00e4te zu finden. Vor allem der telekopierbare Korbarm und die volle Arbeitsh\u00f6he, trotz senkrechter Abst\u00fctzung [&hellip;]","og_url":"https:\/\/www.becker.w15l.t4n.io\/charterlift\/auch-wandlitz-hat-sich-fuer-das-premiumprodukt-multitel-entschieden\/","og_site_name":"Charter Lift","article_published_time":"2019-11-25T08:39:26+00:00","article_modified_time":"2020-01-13T08:20:43+00:00","og_image":[{"width":2560,"height":1440,"url":"https:\/\/www.becker.w15l.t4n.io\/charterlift\/wp-content\/uploads\/2019\/11\/20191014_130202-scaled.jpg","type":"image\/jpeg"}],"author":"charterlift","twitter_card":"summary_large_image","twitter_misc":{"Verfasst von":"charterlift"},"schema":{"@context":"https:\/\/schema.org","@graph":[{"@type":"Article","@id":"https:\/\/www.becker.w15l.t4n.io\/charterlift\/auch-wandlitz-hat-sich-fuer-das-premiumprodukt-multitel-entschieden\/#article","isPartOf":{"@id":"https:\/\/www.becker.w15l.t4n.io\/charterlift\/auch-wandlitz-hat-sich-fuer-das-premiumprodukt-multitel-entschieden\/"},"author":{"name":"charterlift","@id":"https:\/\/www.becker.w15l.t4n.io\/charterlift\/#\/schema\/person\/688cb6bafa9708bbff86f1d746b6ca13"},"headline":"Auch Wandlitz hat sich f\u00fcr das Premiumprodukt Multitel entschieden","datePublished":"2019-11-25T08:39:26+00:00","dateModified":"2020-01-13T08:20:43+00:00","mainEntityOfPage":{"@id":"https:\/\/www.becker.w15l.t4n.io\/charterlift\/auch-wandlitz-hat-sich-fuer-das-premiumprodukt-multitel-entschieden\/"},"wordCount":102,"publisher":{"@id":"https:\/\/www.becker.w15l.t4n.io\/charterlift\/#organization"},"articleSection":["News"],"inLanguage":"de"},{"@type":"WebPage","@id":"https:\/\/www.becker.w15l.t4n.io\/charterlift\/auch-wandlitz-hat-sich-fuer-das-premiumprodukt-multitel-entschieden\/","url":"https:\/\/www.becker.w15l.t4n.io\/charterlift\/auch-wandlitz-hat-sich-fuer-das-premiumprodukt-multitel-entschieden\/","name":"Auch Wandlitz hat sich f\u00fcr das Premiumprodukt Multitel entschieden - Charter Lift","isPartOf":{"@id":"https:\/\/www.becker.w15l.t4n.io\/charterlift\/#website"},"datePublished":"2019-11-25T08:39:26+00:00","dateModified":"2020-01-13T08:20:43+00:00","breadcrumb":{"@id":"https:\/\/www.becker.w15l.t4n.io\/charterlift\/auch-wandlitz-hat-sich-fuer-das-premiumprodukt-multitel-entschieden\/#breadcrumb"},"inLanguage":"de","potentialAction":[{"@type":"ReadAction","target":["https:\/\/www.becker.w15l.t4n.io\/charterlift\/auch-wandlitz-hat-sich-fuer-das-premiumprodukt-multitel-entschieden\/"]}]},{"@type":"BreadcrumbList","@id":"https:\/\/www.becker.w15l.t4n.io\/charterlift\/auch-wandlitz-hat-sich-fuer-das-premiumprodukt-multitel-entschieden\/#breadcrumb","itemListElement":[{"@type":"ListItem","position":1,"name":"Startseite","item":"https:\/\/www.becker.w15l.t4n.io\/charterlift\/"},{"@type":"ListItem","position":2,"name":"Auch Wandlitz hat sich f\u00fcr das Premiumprodukt Multitel entschieden"}]},{"@type":"WebSite","@id":"https:\/\/www.becker.w15l.t4n.io\/charterlift\/#website","url":"https:\/\/www.becker.w15l.t4n.io\/charterlift\/","name":"Charter Lift","description":"Systemdienstleister f\u00fcr modernste, mobile Zugangs- und Hebetechnik","publisher":{"@id":"https:\/\/www.becker.w15l.t4n.io\/charterlift\/#organization"},"potentialAction":[{"@type":"SearchAction","target":{"@type":"EntryPoint","urlTemplate":"https:\/\/www.becker.w15l.t4n.io\/charterlift\/?s={search_term_string}"},"query-input":"required name=search_term_string"}],"inLanguage":"de"},{"@type":"Organization","@id":"https:\/\/www.becker.w15l.t4n.io\/charterlift\/#organization","name":"CharterLift","url":"https:\/\/www.becker.w15l.t4n.io\/charterlift\/","sameAs":[],"logo":{"@type":"ImageObject","inLanguage":"de","@id":"https:\/\/www.becker.w15l.t4n.io\/charterlift\/#\/schema\/logo\/image\/","url":"https:\/\/www.becker.w15l.t4n.io\/charterlift\/wp-content\/uploads\/charterlift-logo.png","contentUrl":"https:\/\/www.becker.w15l.t4n.io\/charterlift\/wp-content\/uploads\/charterlift-logo.png","width":200,"height":131,"caption":"CharterLift"},"image":{"@id":"https:\/\/www.becker.w15l.t4n.io\/charterlift\/#\/schema\/logo\/image\/"}},{"@type":"Person","@id":"https:\/\/www.becker.w15l.t4n.io\/charterlift\/#\/schema\/person\/688cb6bafa9708bbff86f1d746b6ca13","name":"charterlift"}]}},"_links":{"self":[{"href":"https:\/\/www.becker.w15l.t4n.io\/charterlift\/wp-json\/wp\/v2\/posts\/2337"}],"collection":[{"href":"https:\/\/www.becker.w15l.t4n.io\/charterlift\/wp-json\/wp\/v2\/posts"}],"about":[{"href":"https:\/\/www.becker.w15l.t4n.io\/charterlift\/wp-json\/wp\/v2\/types\/post"}],"author":[{"embeddable":true,"href":"https:\/\/www.becker.w15l.t4n.io\/charterlift\/wp-json\/wp\/v2\/users\/2"}],"replies":[{"embeddable":true,"href":"https:\/\/www.becker.w15l.t4n.io\/charterlift\/wp-json\/wp\/v2\/comments?post=2337"}],"version-history":[{"count":0,"href":"https:\/\/www.becker.w15l.t4n.io\/charterlift\/wp-json\/wp\/v2\/posts\/2337\/revisions"}],"wp:featuredmedia":[{"embeddable":true,"href":"https:\/\/www.becker.w15l.t4n.io\/charterlift\/wp-json\/wp\/v2\/media\/2340"}],"wp:attachment":[{"href":"https:\/\/www.becker.w15l.t4n.io\/charterlift\/wp-json\/wp\/v2\/media?parent=2337"}],"wp:term":[{"taxonomy":"category","embeddable":true,"href":"https:\/\/www.becker.w15l.t4n.io\/charterlift\/wp-json\/wp\/v2\/categories?post=2337"},{"taxonomy":"post_tag","embeddable":true,"href":"https:\/\/www.becker.w15l.t4n.io\/charterlift\/wp-json\/wp\/v2\/tags?post=2337"}],"curies":[{"name":"wp","href":"https:\/\/api.w.org\/{rel}","templated":true}]}}