{"id":2346,"date":"2020-01-13T09:18:01","date_gmt":"2020-01-13T08:18:01","guid":{"rendered":"https:\/\/www.becker.w15l.t4n.io\/charterlift\/?p=2346"},"modified":"2020-01-14T16:45:23","modified_gmt":"2020-01-14T15:45:23","slug":"100-emissionsfrei-eine-klare-entscheidung-bei-buchtmann","status":"publish","type":"post","link":"https:\/\/www.becker.w15l.t4n.io\/charterlift\/100-emissionsfrei-eine-klare-entscheidung-bei-buchtmann\/","title":{"rendered":"100% emissionsfrei &#8211; eine klare Entscheidung bei Buchtmann"},"content":{"rendered":"<p>Auch die Fa. Buchtmann hat sich zum Kauf einer 100% emissionsfreien B\u00fchne entscheiden.<\/p>\r\n<p>Kim Buchtmann, zust\u00e4ndig f\u00fcr Sonder- und Spezialger\u00e4te sieht ein erhebliches Potenzial in den Innenst\u00e4dten sowie in gro\u00dfen Werks- und Industrieanlagen in Norddeutschland.<\/p>\r\n<p>Die Fa. Buchtmann vermietet und verkauft die Ger\u00e4te aus dem KLUBB Programm und bietet in ihren Betrieben auch einen vollst\u00e4ndigen Service an.<\/p>\r\n<p><img loading=\"lazy\" class=\"alignnone size-large wp-image-2347\" src=\"https:\/\/www.becker.w15l.t4n.io\/charterlift\/wp-content\/uploads\/2020\/01\/Buchtmann-1024x574.jpg\" alt=\"\" width=\"1024\" height=\"574\" srcset=\"https:\/\/www.becker.w15l.t4n.io\/charterlift\/wp-content\/uploads\/2020\/01\/Buchtmann-1024x574.jpg 1024w, https:\/\/www.becker.w15l.t4n.io\/charterlift\/wp-content\/uploads\/2020\/01\/Buchtmann-300x168.jpg 300w, https:\/\/www.becker.w15l.t4n.io\/charterlift\/wp-content\/uploads\/2020\/01\/Buchtmann-535x300.jpg 535w, https:\/\/www.becker.w15l.t4n.io\/charterlift\/wp-content\/uploads\/2020\/01\/Buchtmann-768x430.jpg 768w, https:\/\/www.becker.w15l.t4n.io\/charterlift\/wp-content\/uploads\/2020\/01\/Buchtmann-1536x861.jpg 1536w, https:\/\/www.becker.w15l.t4n.io\/charterlift\/wp-content\/uploads\/2020\/01\/Buchtmann-2048x1148.jpg 2048w\" sizes=\"(max-width: 1024px) 100vw, 1024px\" \/><\/p>\r\n<p>Willi Buchtmann mit seiner Tochter Kim vor ihrer neuen &#8222;Fl\u00fcsterb\u00fchne&#8220; K 20 von KLUBB<\/p>\r\n<p>&nbsp;<\/p>\r\n<p>&nbsp;<\/p>\r\n<p>&nbsp;<\/p>\r\n<p>&nbsp;<\/p>","protected":false},"excerpt":{"rendered":"<p>Auch die Fa. Buchtmann hat sich zum Kauf einer 100% emissionsfreien B\u00fchne entscheiden. Kim Buchtmann, zust\u00e4ndig f\u00fcr Sonder- und Spezialger\u00e4te sieht ein erhebliches Potenzial in den Innenst\u00e4dten sowie in gro\u00dfen Werks- und Industrieanlagen in Norddeutschland. Die Fa. Buchtmann vermietet und verkauft die Ger\u00e4te aus dem KLUBB Programm und bietet in ihren Betrieben auch einen vollst\u00e4ndigen [&hellip;]<\/p>\n","protected":false},"author":2,"featured_media":2347,"comment_status":"closed","ping_status":"closed","sticky":false,"template":"","format":"standard","meta":[],"categories":[36],"tags":[],"yoast_head":"<!-- This site is optimized with the Yoast SEO plugin v19.6.1 - https:\/\/yoast.com\/wordpress\/plugins\/seo\/ -->\n<title>100% emissionsfrei - eine klare Entscheidung bei Buchtmann - Charter Lift<\/title>\n<meta name=\"robots\" content=\"index, follow, max-snippet:-1, max-image-preview:large, max-video-preview:-1\" \/>\n<link rel=\"canonical\" href=\"https:\/\/www.becker.w15l.t4n.io\/charterlift\/100-emissionsfrei-eine-klare-entscheidung-bei-buchtmann\/\" \/>\n<meta property=\"og:locale\" content=\"de_DE\" \/>\n<meta property=\"og:type\" content=\"article\" \/>\n<meta property=\"og:title\" content=\"100% emissionsfrei - eine klare Entscheidung bei Buchtmann - Charter Lift\" \/>\n<meta property=\"og:description\" content=\"Auch die Fa. Buchtmann hat sich zum Kauf einer 100% emissionsfreien B\u00fchne entscheiden. Kim Buchtmann, zust\u00e4ndig f\u00fcr Sonder- und Spezialger\u00e4te sieht ein erhebliches Potenzial in den Innenst\u00e4dten sowie in gro\u00dfen Werks- und Industrieanlagen in Norddeutschland. Die Fa. Buchtmann vermietet und verkauft die Ger\u00e4te aus dem KLUBB Programm und bietet in ihren Betrieben auch einen vollst\u00e4ndigen [&hellip;]\" \/>\n<meta property=\"og:url\" content=\"https:\/\/www.becker.w15l.t4n.io\/charterlift\/100-emissionsfrei-eine-klare-entscheidung-bei-buchtmann\/\" \/>\n<meta property=\"og:site_name\" content=\"Charter Lift\" \/>\n<meta property=\"article:published_time\" content=\"2020-01-13T08:18:01+00:00\" \/>\n<meta property=\"article:modified_time\" content=\"2020-01-14T15:45:23+00:00\" \/>\n<meta property=\"og:image\" content=\"https:\/\/www.becker.w15l.t4n.io\/charterlift\/wp-content\/uploads\/2020\/01\/Buchtmann-scaled.jpg\" \/>\n\t<meta property=\"og:image:width\" content=\"2560\" \/>\n\t<meta property=\"og:image:height\" content=\"1434\" \/>\n\t<meta property=\"og:image:type\" content=\"image\/jpeg\" \/>\n<meta name=\"author\" content=\"charterlift\" \/>\n<meta name=\"twitter:card\" content=\"summary_large_image\" \/>\n<meta name=\"twitter:label1\" content=\"Verfasst von\" \/>\n\t<meta name=\"twitter:data1\" content=\"charterlift\" \/>\n<script type=\"application\/ld+json\" class=\"yoast-schema-graph\">{\"@context\":\"https:\/\/schema.org\",\"@graph\":[{\"@type\":\"Article\",\"@id\":\"https:\/\/www.becker.w15l.t4n.io\/charterlift\/100-emissionsfrei-eine-klare-entscheidung-bei-buchtmann\/#article\",\"isPartOf\":{\"@id\":\"https:\/\/www.becker.w15l.t4n.io\/charterlift\/100-emissionsfrei-eine-klare-entscheidung-bei-buchtmann\/\"},\"author\":{\"name\":\"charterlift\",\"@id\":\"https:\/\/www.becker.w15l.t4n.io\/charterlift\/#\/schema\/person\/688cb6bafa9708bbff86f1d746b6ca13\"},\"headline\":\"100% emissionsfrei &#8211; eine klare Entscheidung bei Buchtmann\",\"datePublished\":\"2020-01-13T08:18:01+00:00\",\"dateModified\":\"2020-01-14T15:45:23+00:00\",\"mainEntityOfPage\":{\"@id\":\"https:\/\/www.becker.w15l.t4n.io\/charterlift\/100-emissionsfrei-eine-klare-entscheidung-bei-buchtmann\/\"},\"wordCount\":90,\"publisher\":{\"@id\":\"https:\/\/www.becker.w15l.t4n.io\/charterlift\/#organization\"},\"articleSection\":[\"News\"],\"inLanguage\":\"de\"},{\"@type\":\"WebPage\",\"@id\":\"https:\/\/www.becker.w15l.t4n.io\/charterlift\/100-emissionsfrei-eine-klare-entscheidung-bei-buchtmann\/\",\"url\":\"https:\/\/www.becker.w15l.t4n.io\/charterlift\/100-emissionsfrei-eine-klare-entscheidung-bei-buchtmann\/\",\"name\":\"100% emissionsfrei - eine klare Entscheidung bei Buchtmann - Charter Lift\",\"isPartOf\":{\"@id\":\"https:\/\/www.becker.w15l.t4n.io\/charterlift\/#website\"},\"datePublished\":\"2020-01-13T08:18:01+00:00\",\"dateModified\":\"2020-01-14T15:45:23+00:00\",\"breadcrumb\":{\"@id\":\"https:\/\/www.becker.w15l.t4n.io\/charterlift\/100-emissionsfrei-eine-klare-entscheidung-bei-buchtmann\/#breadcrumb\"},\"inLanguage\":\"de\",\"potentialAction\":[{\"@type\":\"ReadAction\",\"target\":[\"https:\/\/www.becker.w15l.t4n.io\/charterlift\/100-emissionsfrei-eine-klare-entscheidung-bei-buchtmann\/\"]}]},{\"@type\":\"BreadcrumbList\",\"@id\":\"https:\/\/www.becker.w15l.t4n.io\/charterlift\/100-emissionsfrei-eine-klare-entscheidung-bei-buchtmann\/#breadcrumb\",\"itemListElement\":[{\"@type\":\"ListItem\",\"position\":1,\"name\":\"Startseite\",\"item\":\"https:\/\/www.becker.w15l.t4n.io\/charterlift\/\"},{\"@type\":\"ListItem\",\"position\":2,\"name\":\"100% emissionsfrei &#8211; eine klare Entscheidung bei Buchtmann\"}]},{\"@type\":\"WebSite\",\"@id\":\"https:\/\/www.becker.w15l.t4n.io\/charterlift\/#website\",\"url\":\"https:\/\/www.becker.w15l.t4n.io\/charterlift\/\",\"name\":\"Charter Lift\",\"description\":\"Systemdienstleister f\u00fcr modernste, mobile Zugangs- und Hebetechnik\",\"publisher\":{\"@id\":\"https:\/\/www.becker.w15l.t4n.io\/charterlift\/#organization\"},\"potentialAction\":[{\"@type\":\"SearchAction\",\"target\":{\"@type\":\"EntryPoint\",\"urlTemplate\":\"https:\/\/www.becker.w15l.t4n.io\/charterlift\/?s={search_term_string}\"},\"query-input\":\"required name=search_term_string\"}],\"inLanguage\":\"de\"},{\"@type\":\"Organization\",\"@id\":\"https:\/\/www.becker.w15l.t4n.io\/charterlift\/#organization\",\"name\":\"CharterLift\",\"url\":\"https:\/\/www.becker.w15l.t4n.io\/charterlift\/\",\"sameAs\":[],\"logo\":{\"@type\":\"ImageObject\",\"inLanguage\":\"de\",\"@id\":\"https:\/\/www.becker.w15l.t4n.io\/charterlift\/#\/schema\/logo\/image\/\",\"url\":\"https:\/\/www.becker.w15l.t4n.io\/charterlift\/wp-content\/uploads\/charterlift-logo.png\",\"contentUrl\":\"https:\/\/www.becker.w15l.t4n.io\/charterlift\/wp-content\/uploads\/charterlift-logo.png\",\"width\":200,\"height\":131,\"caption\":\"CharterLift\"},\"image\":{\"@id\":\"https:\/\/www.becker.w15l.t4n.io\/charterlift\/#\/schema\/logo\/image\/\"}},{\"@type\":\"Person\",\"@id\":\"https:\/\/www.becker.w15l.t4n.io\/charterlift\/#\/schema\/person\/688cb6bafa9708bbff86f1d746b6ca13\",\"name\":\"charterlift\"}]}<\/script>\n<!-- \/ Yoast SEO plugin. -->","yoast_head_json":{"title":"100% emissionsfrei - eine klare Entscheidung bei Buchtmann - Charter Lift","robots":{"index":"index","follow":"follow","max-snippet":"max-snippet:-1","max-image-preview":"max-image-preview:large","max-video-preview":"max-video-preview:-1"},"canonical":"https:\/\/www.becker.w15l.t4n.io\/charterlift\/100-emissionsfrei-eine-klare-entscheidung-bei-buchtmann\/","og_locale":"de_DE","og_type":"article","og_title":"100% emissionsfrei - eine klare Entscheidung bei Buchtmann - Charter Lift","og_description":"Auch die Fa. Buchtmann hat sich zum Kauf einer 100% emissionsfreien B\u00fchne entscheiden. Kim Buchtmann, zust\u00e4ndig f\u00fcr Sonder- und Spezialger\u00e4te sieht ein erhebliches Potenzial in den Innenst\u00e4dten sowie in gro\u00dfen Werks- und Industrieanlagen in Norddeutschland. Die Fa. Buchtmann vermietet und verkauft die Ger\u00e4te aus dem KLUBB Programm und bietet in ihren Betrieben auch einen vollst\u00e4ndigen [&hellip;]","og_url":"https:\/\/www.becker.w15l.t4n.io\/charterlift\/100-emissionsfrei-eine-klare-entscheidung-bei-buchtmann\/","og_site_name":"Charter Lift","article_published_time":"2020-01-13T08:18:01+00:00","article_modified_time":"2020-01-14T15:45:23+00:00","og_image":[{"width":2560,"height":1434,"url":"https:\/\/www.becker.w15l.t4n.io\/charterlift\/wp-content\/uploads\/2020\/01\/Buchtmann-scaled.jpg","type":"image\/jpeg"}],"author":"charterlift","twitter_card":"summary_large_image","twitter_misc":{"Verfasst von":"charterlift"},"schema":{"@context":"https:\/\/schema.org","@graph":[{"@type":"Article","@id":"https:\/\/www.becker.w15l.t4n.io\/charterlift\/100-emissionsfrei-eine-klare-entscheidung-bei-buchtmann\/#article","isPartOf":{"@id":"https:\/\/www.becker.w15l.t4n.io\/charterlift\/100-emissionsfrei-eine-klare-entscheidung-bei-buchtmann\/"},"author":{"name":"charterlift","@id":"https:\/\/www.becker.w15l.t4n.io\/charterlift\/#\/schema\/person\/688cb6bafa9708bbff86f1d746b6ca13"},"headline":"100% emissionsfrei &#8211; eine klare Entscheidung bei Buchtmann","datePublished":"2020-01-13T08:18:01+00:00","dateModified":"2020-01-14T15:45:23+00:00","mainEntityOfPage":{"@id":"https:\/\/www.becker.w15l.t4n.io\/charterlift\/100-emissionsfrei-eine-klare-entscheidung-bei-buchtmann\/"},"wordCount":90,"publisher":{"@id":"https:\/\/www.becker.w15l.t4n.io\/charterlift\/#organization"},"articleSection":["News"],"inLanguage":"de"},{"@type":"WebPage","@id":"https:\/\/www.becker.w15l.t4n.io\/charterlift\/100-emissionsfrei-eine-klare-entscheidung-bei-buchtmann\/","url":"https:\/\/www.becker.w15l.t4n.io\/charterlift\/100-emissionsfrei-eine-klare-entscheidung-bei-buchtmann\/","name":"100% emissionsfrei - eine klare Entscheidung bei Buchtmann - Charter Lift","isPartOf":{"@id":"https:\/\/www.becker.w15l.t4n.io\/charterlift\/#website"},"datePublished":"2020-01-13T08:18:01+00:00","dateModified":"2020-01-14T15:45:23+00:00","breadcrumb":{"@id":"https:\/\/www.becker.w15l.t4n.io\/charterlift\/100-emissionsfrei-eine-klare-entscheidung-bei-buchtmann\/#breadcrumb"},"inLanguage":"de","potentialAction":[{"@type":"ReadAction","target":["https:\/\/www.becker.w15l.t4n.io\/charterlift\/100-emissionsfrei-eine-klare-entscheidung-bei-buchtmann\/"]}]},{"@type":"BreadcrumbList","@id":"https:\/\/www.becker.w15l.t4n.io\/charterlift\/100-emissionsfrei-eine-klare-entscheidung-bei-buchtmann\/#breadcrumb","itemListElement":[{"@type":"ListItem","position":1,"name":"Startseite","item":"https:\/\/www.becker.w15l.t4n.io\/charterlift\/"},{"@type":"ListItem","position":2,"name":"100% emissionsfrei &#8211; eine klare Entscheidung bei Buchtmann"}]},{"@type":"WebSite","@id":"https:\/\/www.becker.w15l.t4n.io\/charterlift\/#website","url":"https:\/\/www.becker.w15l.t4n.io\/charterlift\/","name":"Charter Lift","description":"Systemdienstleister f\u00fcr modernste, mobile Zugangs- und Hebetechnik","publisher":{"@id":"https:\/\/www.becker.w15l.t4n.io\/charterlift\/#organization"},"potentialAction":[{"@type":"SearchAction","target":{"@type":"EntryPoint","urlTemplate":"https:\/\/www.becker.w15l.t4n.io\/charterlift\/?s={search_term_string}"},"query-input":"required name=search_term_string"}],"inLanguage":"de"},{"@type":"Organization","@id":"https:\/\/www.becker.w15l.t4n.io\/charterlift\/#organization","name":"CharterLift","url":"https:\/\/www.becker.w15l.t4n.io\/charterlift\/","sameAs":[],"logo":{"@type":"ImageObject","inLanguage":"de","@id":"https:\/\/www.becker.w15l.t4n.io\/charterlift\/#\/schema\/logo\/image\/","url":"https:\/\/www.becker.w15l.t4n.io\/charterlift\/wp-content\/uploads\/charterlift-logo.png","contentUrl":"https:\/\/www.becker.w15l.t4n.io\/charterlift\/wp-content\/uploads\/charterlift-logo.png","width":200,"height":131,"caption":"CharterLift"},"image":{"@id":"https:\/\/www.becker.w15l.t4n.io\/charterlift\/#\/schema\/logo\/image\/"}},{"@type":"Person","@id":"https:\/\/www.becker.w15l.t4n.io\/charterlift\/#\/schema\/person\/688cb6bafa9708bbff86f1d746b6ca13","name":"charterlift"}]}},"_links":{"self":[{"href":"https:\/\/www.becker.w15l.t4n.io\/charterlift\/wp-json\/wp\/v2\/posts\/2346"}],"collection":[{"href":"https:\/\/www.becker.w15l.t4n.io\/charterlift\/wp-json\/wp\/v2\/posts"}],"about":[{"href":"https:\/\/www.becker.w15l.t4n.io\/charterlift\/wp-json\/wp\/v2\/types\/post"}],"author":[{"embeddable":true,"href":"https:\/\/www.becker.w15l.t4n.io\/charterlift\/wp-json\/wp\/v2\/users\/2"}],"replies":[{"embeddable":true,"href":"https:\/\/www.becker.w15l.t4n.io\/charterlift\/wp-json\/wp\/v2\/comments?post=2346"}],"version-history":[{"count":0,"href":"https:\/\/www.becker.w15l.t4n.io\/charterlift\/wp-json\/wp\/v2\/posts\/2346\/revisions"}],"wp:featuredmedia":[{"embeddable":true,"href":"https:\/\/www.becker.w15l.t4n.io\/charterlift\/wp-json\/wp\/v2\/media\/2347"}],"wp:attachment":[{"href":"https:\/\/www.becker.w15l.t4n.io\/charterlift\/wp-json\/wp\/v2\/media?parent=2346"}],"wp:term":[{"taxonomy":"category","embeddable":true,"href":"https:\/\/www.becker.w15l.t4n.io\/charterlift\/wp-json\/wp\/v2\/categories?post=2346"},{"taxonomy":"post_tag","embeddable":true,"href":"https:\/\/www.becker.w15l.t4n.io\/charterlift\/wp-json\/wp\/v2\/tags?post=2346"}],"curies":[{"name":"wp","href":"https:\/\/api.w.org\/{rel}","templated":true}]}}